{"id":1021,"date":"2024-03-12T11:39:00","date_gmt":"2024-03-12T10:39:00","guid":{"rendered":"https:\/\/catalunyanord.cat\/?p=1021"},"modified":"2024-03-21T08:01:50","modified_gmt":"2024-03-21T07:01:50","slug":"sem-catalunya-del-nord","status":"publish","type":"post","link":"https:\/\/catalunyanord.cat\/index.php\/2024\/03\/12\/sem-catalunya-del-nord\/","title":{"rendered":"Sem Catalunya (del) Nord"},"content":{"rendered":"\t\t<div data-elementor-type=\"wp-post\" data-elementor-id=\"1021\" class=\"elementor elementor-1021\" data-elementor-post-type=\"post\">\n\t\t\t\t<div class=\"elementor-element elementor-element-18a983c e-flex e-con-boxed e-con e-parent\" data-id=\"18a983c\" data-element_type=\"container\">\n\t\t\t\t\t<div class=\"e-con-inner\">\n\t\t<div class=\"elementor-element elementor-element-73a7059 e-con-full e-flex e-con e-child\" data-id=\"73a7059\" data-element_type=\"container\">\n\t\t\t\t<div class=\"elementor-element elementor-element-1884d22 elementor-widget elementor-widget-text-editor\" data-id=\"1884d22\" data-element_type=\"widget\" data-widget_type=\"text-editor.default\">\n\t\t\t\t<div class=\"elementor-widget-container\">\n\t\t\t\t\t\t\t\t\t<h3>Quin nom nos defineix millor?<\/h3><p>El 15 de gener la presidenta del departament dels Pirineus Orientals va anunciar que abans de final d&#8217;any el nostre territori podria canviar de nom per a llestar-ne un de m\u00e9s respectu\u00f3s de cara a la identitat territorial.<\/p><p>Segons afirma la presidenta, a la tardor, una consulta permetria als ciutadans de se pronunciar.<\/p><p>Se poder expressar, triar el nom que volem per a ser representats \u00e9s una gran not\u00edcia.<\/p><p>Hist\u00f2ricament aquest territori \u00e9s catal\u00e0, no hi ha cap discussi\u00f3 possible, cap!<\/p><p>Demanar que ens diguin Catalunya seria una opci\u00f3, per\u00f2 sem una part petita de Catalunya, doncs Catalunya (del) Nord \u00e9s la denominaci\u00f3 que ens sembla m\u00e9s evident i respectuosa.<\/p><p>\u00c9s evident que per un estat jacob\u00ed com ho \u00e9s l&#8217;estat franc\u00e8s, recon\u00e8ixer la nostra catalanitat pot posar problemes, per\u00f2 els problemes que pot posar el nom no han de ser nostres, s\u00f3n seus!<\/p><p>Per a justificar Catalunya Nord en sec no cal anar a cercar massa lluny. Les entitats m\u00e9s potents del pa\u00eds ho diuen\u00a0:<\/p><ul><li><p>L&#8217;APLEC envia una carta informativa\u00a0: Inform\u2019APLEC NEWSLETTER de l\u2019ASSOCIACI\u00d3 PER A L\u2019ENSENYAMENT DEL CATAL\u00c0 de CATALUNYA NORD<\/p><\/li><li><p>R\u00e0dio Arrels : la veu de Catalunya Nord (la r\u00e0dio)<\/p><\/li><li><p>La Bressola\u00a0: les escoles associatives de Catalunya Nord<\/p><\/li><li><p>\u00d2mnium Catalunya Nord<\/p><\/li><li>Aire Nou de Bao que ha posat a l&#8217;entrada del vilatge un r\u00e8tol &#8220;Catalunya Nord&#8221;<\/li><li><p>\u2026<\/p><\/li><\/ul><h3>El Consell Departamental tamb\u00e9 reconeix Catalunya Nord<\/h3><p>M\u00e9s enll\u00e0 de les associacions de defensa de la llengua i la cultura catalanes, el Consell Departamental utilitza oficialment el terme de Catalunya Nord, i aix\u00f2 ho va fer el President Bourquain quan fa una d\u00e8cada va posar a les entrades del nostre territori<\/p><blockquote><p>\u00ab\u00a0Benvinguts a Catalunya Nord\u00a0\u00bb<\/p><\/blockquote><p>Uns r\u00e8tols presents que oficialitzen el reconeixement institucional, uns r\u00e8tols que han estat utilitzats recentment pels pagesos de Catalunya Nord per a reivindicar .<\/p><p>No hi ha cap dubte, la llista se podria allargar m\u00e9s.<\/p><p>Doncs, per quina ra\u00f3, nosaltres defensors del territori, de la seua gent, de la seua hist\u00f2ria, de la llengua i de la cultura haur\u00edem de renunciar a un nom tan clar i prec\u00eds per a llestar terme com \u00ab\u00a0Terres catalanes\u00a0\u00bb, \u00ab\u00a0Pays Catalan\u00a0\u00bb, \u00ab\u00a0Pyr\u00e9n\u00e9es catalanes\u00a0\u00bb o altres subterfugis\u00a0?<\/p><blockquote><p>Sem Catalunya (del) Nord i reivindiquem-ho sense embuts.<\/p><\/blockquote>\t\t\t\t\t\t\t\t<\/div>\n\t\t\t\t<\/div>\n\t\t\t\t<\/div>\n\t\t\t\t\t<\/div>\n\t\t\t\t<\/div>\n\t\t\t\t<\/div>\n\t\t","protected":false},"excerpt":{"rendered":"<p>Quin nom nos defineix millor? El 15 de gener la presidenta del departament dels Pirineus Orientals va anunciar que abans de final d&#8217;any el nostre territori podria canviar de nom per a llestar-ne un de m\u00e9s respectu\u00f3s de cara a la identitat territorial. Segons afirma la presidenta, a la tardor, una consulta permetria als ciutadans &hellip;<\/p>\n<p class=\"read-more\"> <a class=\"\" href=\"https:\/\/catalunyanord.cat\/index.php\/2024\/03\/12\/sem-catalunya-del-nord\/\"> <span class=\"screen-reader-text\">Sem Catalunya (del) Nord<\/span> Llegeix m\u00e9s &raquo;<\/a><\/p>\n","protected":false},"author":1,"featured_media":1022,"comment_status":"open","ping_status":"open","sticky":false,"template":"","format":"standard","meta":{"pmpro_default_level":"","site-sidebar-layout":"default","site-content-layout":"default","ast-global-header-display":"","ast-main-header-display":"","ast-hfb-above-header-display":"","ast-hfb-below-header-display":"","ast-hfb-mobile-header-display":"","site-post-title":"","ast-breadcrumbs-content":"","ast-featured-img":"","footer-sml-layout":"","theme-transparent-header-meta":"","adv-header-id-meta":"","stick-header-meta":"","header-above-stick-meta":"","header-main-stick-meta":"","header-below-stick-meta":"","_jetpack_memberships_contains_paid_content":false,"footnotes":""},"categories":[1],"tags":[38],"class_list":["post-1021","post","type-post","status-publish","format-standard","has-post-thumbnail","hentry","category-non-classe","tag-catalunya-nord","pmpro-has-access"],"jetpack_featured_media_url":"https:\/\/catalunyanord.cat\/wp-content\/uploads\/2024\/03\/catalunya-Nord-capcalera.jpg","jetpack_sharing_enabled":true,"_links":{"self":[{"href":"https:\/\/catalunyanord.cat\/index.php\/wp-json\/wp\/v2\/posts\/1021","targetHints":{"allow":["GET"]}}],"collection":[{"href":"https:\/\/catalunyanord.cat\/index.php\/wp-json\/wp\/v2\/posts"}],"about":[{"href":"https:\/\/catalunyanord.cat\/index.php\/wp-json\/wp\/v2\/types\/post"}],"author":[{"embeddable":true,"href":"https:\/\/catalunyanord.cat\/index.php\/wp-json\/wp\/v2\/users\/1"}],"replies":[{"embeddable":true,"href":"https:\/\/catalunyanord.cat\/index.php\/wp-json\/wp\/v2\/comments?post=1021"}],"version-history":[{"count":10,"href":"https:\/\/catalunyanord.cat\/index.php\/wp-json\/wp\/v2\/posts\/1021\/revisions"}],"predecessor-version":[{"id":1033,"href":"https:\/\/catalunyanord.cat\/index.php\/wp-json\/wp\/v2\/posts\/1021\/revisions\/1033"}],"wp:featuredmedia":[{"embeddable":true,"href":"https:\/\/catalunyanord.cat\/index.php\/wp-json\/wp\/v2\/media\/1022"}],"wp:attachment":[{"href":"https:\/\/catalunyanord.cat\/index.php\/wp-json\/wp\/v2\/media?parent=1021"}],"wp:term":[{"taxonomy":"category","embeddable":true,"href":"https:\/\/catalunyanord.cat\/index.php\/wp-json\/wp\/v2\/categories?post=1021"},{"taxonomy":"post_tag","embeddable":true,"href":"https:\/\/catalunyanord.cat\/index.php\/wp-json\/wp\/v2\/tags?post=1021"}],"curies":[{"name":"wp","href":"https:\/\/api.w.org\/{rel}","templated":true}]}}