{"id":1034,"date":"2024-03-22T07:33:21","date_gmt":"2024-03-22T06:33:21","guid":{"rendered":"https:\/\/catalunyanord.cat\/?p=1034"},"modified":"2024-03-22T07:51:04","modified_gmt":"2024-03-22T06:51:04","slug":"que-la-prudencia-no-ens-faci-traidors","status":"publish","type":"post","link":"https:\/\/catalunyanord.cat\/index.php\/2024\/03\/22\/que-la-prudencia-no-ens-faci-traidors\/","title":{"rendered":"Que la prud\u00e8ncia no ens faci tra\u00efdors"},"content":{"rendered":"\t\t<div data-elementor-type=\"wp-post\" data-elementor-id=\"1034\" class=\"elementor elementor-1034\" data-elementor-post-type=\"post\">\n\t\t\t\t<div class=\"elementor-element elementor-element-ebc0938 e-flex e-con-boxed e-con e-parent\" data-id=\"ebc0938\" data-element_type=\"container\">\n\t\t\t\t\t<div class=\"e-con-inner\">\n\t\t\t\t\t<\/div>\n\t\t\t\t<\/div>\n\t\t<div class=\"elementor-element elementor-element-f4e766a e-flex e-con-boxed e-con e-parent\" data-id=\"f4e766a\" data-element_type=\"container\">\n\t\t\t\t\t<div class=\"e-con-inner\">\n\t\t\t\t<div class=\"elementor-element elementor-element-e8a3128 elementor-widget elementor-widget-text-editor\" data-id=\"e8a3128\" data-element_type=\"widget\" data-widget_type=\"text-editor.default\">\n\t\t\t\t<div class=\"elementor-widget-container\">\n\t\t\t\t\t\t\t\t\t<p>Aquesta setmana l<a href=\"https:\/\/www.ccma.cat\/324\/la-catalunya-nord-vol-fer-una-consulta-per-recuperar-la-catalanitat-al-seu-nom-oficial\/noticia\/3281989\/\" target=\"_blank\" rel=\"noopener\">a Laura Bertran s&#8217;estrenava a TV3 amb unes explicacions sobre la &#8220;consulta&#8221; per a triar el nom del nostre territori<\/a>, hi entrevistava Nicolas Garcia, batlle d&#8217;Elna i principal organitzador de &#8220;<em>l&#8217;aparent consulta&#8221;<\/em> que nos permetria triar el futur nom del nostre territori.<\/p><p>Segons va declarar el primer vicepresident del Consell Departamental abans de l&#8217;estiu s&#8217;ha de decidir la llista de les propostes i arran d&#8217;una consulta prevista per l&#8217;octubre el Consell Departamental proposar\u00e0 un nom al Consell d&#8217;estat franc\u00e8s, consell que l&#8217;aprovar\u00e0 o no.<\/p><p>Nicolas Garcia diu <em><strong>\u00ab Volem guanyar,<\/strong><\/em>\u00a0proposarem un nom que pugui acceptar el Consell d&#8217;estat \u00bb.<\/p><h6><span style=\"font-family: Verdana, sans-serif;\">No tinc cap bola de vidre i no se qu\u00e8 pot acceptar o no el Consell d&#8217;estat.<\/span><\/h6><p>El que se \u00e9s que avui tenim un nom que no reflecteix la nostra identitat i per sobre ens han col\u00b7locat en una regi\u00f3 anomenada \u00ab Occitanie \u00bb, raons per les quals el Consell Departamental ha decidit proposar aquesta consulta per un probable canvi.<\/p><h6>Per\u00f2 un canvi per qu\u00e8\u00a0? Per a guanyar el nom que nos representa de veritat o un altre subterfugi\u00a0?<\/h6><p>Tinc unes q\u00fcestions a les quals m&#8217;agradaria tenir respostes de les autoritats que organitzen la consulta:<\/p><ol><li>L&#8217;anomenat \u00ab Pays de Droits de l&#8217;Homme \u00bb \u00e9s o no \u00e9s un estat democr\u00e0tic que respecta la voluntat dels ciutadans?<br \/>Si \u00e9s aix\u00ed, no hi ha cap ra\u00f3 que refusi el nom que decidiran els ciutadans.<\/li><li>El Consell d&#8217;estat ha estat capa\u00e7 d&#8217;atorgar el nom d&#8217; \u00ab Occitanie \u00bb a un territori format per una part d&#8217;Occit\u00e0nia i un tros de Catalunya. Aix\u00f2 \u00e9s un fet, llavors per quina ra\u00f3 refusaria anomenar Catalunya una part de Catalunya on hi ha un tros de territori on hi viuen occitans?<\/li><li>Si l&#8217;estat franc\u00e8s \u00e9s un estat democr\u00e0tic exemplar com ho diuen i ja que ha acceptat el nom d'&#8221;Occitanie&#8221;, per quina ra\u00f3 haur\u00edem de descartar Catalunya (del) Nord (o Catalogne du Nord) ?<\/li><\/ol><h6>Obrir el debat descartant, des de la primera reuni\u00f3, opcions que destorben el poder establert (d&#8217;aqu\u00ed i d&#8217;all\u00e0), propostes que el poble podria acceptar \u00e9s inadmissible, \u00e9s una manipulaci\u00f3!<\/h6><p><strong><em>\u00a0<\/em><\/strong><\/p><p><strong><em>Imatge de portada:<\/em> <\/strong>Hem triat de posar la imatge de portada de la p\u00e0gina <em><a href=\"https:\/\/joanbecat.cat\/ca\/\" target=\"_blank\" rel=\"noopener\">web de Joan Becat<\/a><\/em>, una de les persones que ha treballat m\u00e9s a la recuperaci\u00f3 dels noms, top\u00f2nims i microtop\u00f2nims del nostre tros de pa\u00eds. Ha reeixit a fer recon\u00e8ixer els termes hist\u00f2rics en la grafia de la llengua pr\u00f2pia de la nostra terra per les institucions franceses. Un referent.<\/p>\t\t\t\t\t\t\t\t<\/div>\n\t\t\t\t<\/div>\n\t\t\t\t\t<\/div>\n\t\t\t\t<\/div>\n\t\t\t\t<\/div>\n\t\t","protected":false},"excerpt":{"rendered":"<p>Aquesta setmana la Laura Bertran s&#8217;estrenava a TV3 amb unes explicacions sobre la &#8220;consulta&#8221; per a triar el nom del nostre territori, hi entrevistava Nicolas Garcia, batlle d&#8217;Elna i principal organitzador de &#8220;l&#8217;aparent consulta&#8221; que nos permetria triar el futur nom del nostre territori. Segons va declarar el primer vicepresident del Consell Departamental abans de &hellip;<\/p>\n<p class=\"read-more\"> <a class=\"\" href=\"https:\/\/catalunyanord.cat\/index.php\/2024\/03\/22\/que-la-prudencia-no-ens-faci-traidors\/\"> <span class=\"screen-reader-text\">Que la prud\u00e8ncia no ens faci tra\u00efdors<\/span> Llegeix m\u00e9s &raquo;<\/a><\/p>\n","protected":false},"author":1,"featured_media":1035,"comment_status":"open","ping_status":"open","sticky":false,"template":"","format":"standard","meta":{"pmpro_default_level":"","site-sidebar-layout":"default","site-content-layout":"default","ast-global-header-display":"","ast-main-header-display":"","ast-hfb-above-header-display":"","ast-hfb-below-header-display":"","ast-hfb-mobile-header-display":"","site-post-title":"","ast-breadcrumbs-content":"","ast-featured-img":"","footer-sml-layout":"","theme-transparent-header-meta":"","adv-header-id-meta":"","stick-header-meta":"","header-above-stick-meta":"","header-main-stick-meta":"","header-below-stick-meta":"","_jetpack_memberships_contains_paid_content":false,"footnotes":""},"categories":[1],"tags":[38],"class_list":["post-1034","post","type-post","status-publish","format-standard","has-post-thumbnail","hentry","category-non-classe","tag-catalunya-nord","pmpro-has-access"],"jetpack_featured_media_url":"https:\/\/catalunyanord.cat\/wp-content\/uploads\/2024\/03\/Catalunya-Nord-Joan-Becat.jpg","jetpack_sharing_enabled":true,"_links":{"self":[{"href":"https:\/\/catalunyanord.cat\/index.php\/wp-json\/wp\/v2\/posts\/1034","targetHints":{"allow":["GET"]}}],"collection":[{"href":"https:\/\/catalunyanord.cat\/index.php\/wp-json\/wp\/v2\/posts"}],"about":[{"href":"https:\/\/catalunyanord.cat\/index.php\/wp-json\/wp\/v2\/types\/post"}],"author":[{"embeddable":true,"href":"https:\/\/catalunyanord.cat\/index.php\/wp-json\/wp\/v2\/users\/1"}],"replies":[{"embeddable":true,"href":"https:\/\/catalunyanord.cat\/index.php\/wp-json\/wp\/v2\/comments?post=1034"}],"version-history":[{"count":19,"href":"https:\/\/catalunyanord.cat\/index.php\/wp-json\/wp\/v2\/posts\/1034\/revisions"}],"predecessor-version":[{"id":1054,"href":"https:\/\/catalunyanord.cat\/index.php\/wp-json\/wp\/v2\/posts\/1034\/revisions\/1054"}],"wp:featuredmedia":[{"embeddable":true,"href":"https:\/\/catalunyanord.cat\/index.php\/wp-json\/wp\/v2\/media\/1035"}],"wp:attachment":[{"href":"https:\/\/catalunyanord.cat\/index.php\/wp-json\/wp\/v2\/media?parent=1034"}],"wp:term":[{"taxonomy":"category","embeddable":true,"href":"https:\/\/catalunyanord.cat\/index.php\/wp-json\/wp\/v2\/categories?post=1034"},{"taxonomy":"post_tag","embeddable":true,"href":"https:\/\/catalunyanord.cat\/index.php\/wp-json\/wp\/v2\/tags?post=1034"}],"curies":[{"name":"wp","href":"https:\/\/api.w.org\/{rel}","templated":true}]}}