{"id":1187,"date":"2024-11-02T20:25:00","date_gmt":"2024-11-02T19:25:00","guid":{"rendered":"https:\/\/catalunyanord.cat\/?p=1187"},"modified":"2024-11-02T20:31:50","modified_gmt":"2024-11-02T19:31:50","slug":"7-de-novembre-24","status":"publish","type":"post","link":"https:\/\/catalunyanord.cat\/index.php\/2024\/11\/02\/7-de-novembre-24\/","title":{"rendered":"7 de novembre 2024"},"content":{"rendered":"\t\t<div data-elementor-type=\"wp-post\" data-elementor-id=\"1187\" class=\"elementor elementor-1187\" data-elementor-post-type=\"post\">\n\t\t\t\t<div class=\"elementor-element elementor-element-588fe96 e-flex e-con-boxed e-con e-parent\" data-id=\"588fe96\" data-element_type=\"container\">\n\t\t\t\t\t<div class=\"e-con-inner\">\n\t\t\t\t<div class=\"elementor-element elementor-element-136916e elementor-widget elementor-widget-text-editor\" data-id=\"136916e\" data-element_type=\"widget\" data-widget_type=\"text-editor.default\">\n\t\t\t\t<div class=\"elementor-widget-container\">\n\t\t\t\t\t\t\t\t\t<h3>confer\u00e8ncia de l&#8217;historiador gabriel ensenyat pujol<\/h3>\n<p>Fa uns mesos els batlles de Perpiny\u00e0 i Palma van signar un agermanament franco espanyol amb accent feixista.<\/p>\n<p>L&#8217;historiador mallorqu\u00ed Gabriel Ensenyat Pujol vindr\u00e0 al Casal de Perpiny\u00e0 per a recordar la hist\u00f2ria que agermana les dues capitals catalana, una hist\u00f2ria d&#8217;uns segles d&#8217;unitat nacional.<\/p>\n<h3>Manifest<\/h3>\n<p>El 7 de novembre 2024, dia de commemoraci\u00f3 del Tractat dels Pirineus, al Casal de Perpiny\u00e0 ens reunirem entitats socials i culturals i organitzacions pol\u00edtiques de Catalunya Nord i de Mallorca amb un objectiu com\u00fa:<\/p>\n<blockquote>\n<p>refor\u00e7ar i consolidar els lligams hist\u00f2rics, culturals, pol\u00edtics i socials que ens uneixen,<\/p>\n<\/blockquote>\n<p>Ens comprometem a treballar per promoure la llengua catalana en totes les seves variants. A trav\u00e9s d\u2019activitats culturals, intercanvis i col\u00b7laboracions, fomentarem la diversitat i la riquesa dels nostres territoris. Amb aquest manifest expressem la nostra voluntat d\u2019abordar de manera conjunta els reptes que afrontem, des de les q\u00fcestions socials fins a les ambientals o culturals. Davant el context compartit d\u2019uns governs de dreta i extrema dreta que suposen una greu amena\u00e7a per a la conviv\u00e8ncia, treballarem per defensar els drets m\u00e9s essencials de la ciutadania (socials, ling\u00fc\u00edstics i culturals) i per la defensa del territori.<\/p>\n<p>A partir d\u2019avui, declarem la nostra voluntat de teixir una xarxa de col\u00b7laboraci\u00f3 entre entitats nordcatalanes i mallorquines. Organitzarem trobades, farem realitat projectes i encoratjarem iniciatives que reforcin els nostres lligams i promoguin el coneixement mutu.<\/p>\n<blockquote>\n<p>Convidem totes les entitats interessades a sumar-se a aquest manifest, amb l\u2019objectiu de consolidar aquesta alian\u00e7a. La signatura d\u2019aquest document el 7 de novembre \u00e9s un acte simb\u00f2lic de la nostra determinaci\u00f3 i comprom\u00eds amb aquesta causa compartida.<\/p>\n<\/blockquote>\t\t\t\t\t\t\t\t<\/div>\n\t\t\t\t<\/div>\n\t\t\t\t\t<\/div>\n\t\t\t\t<\/div>\n\t\t<div class=\"elementor-element elementor-element-5a5709f e-flex e-con-boxed e-con e-parent\" data-id=\"5a5709f\" data-element_type=\"container\">\n\t\t\t\t\t<div class=\"e-con-inner\">\n\t\t\t\t<div class=\"elementor-element elementor-element-5265c85 elementor-widget elementor-widget-heading\" data-id=\"5265c85\" data-element_type=\"widget\" data-widget_type=\"heading.default\">\n\t\t\t\t<div class=\"elementor-widget-container\">\n\t\t\t\t\t<h3 class=\"elementor-heading-title elementor-size-default\">M\u00e9s actes de la Diada de Catalunya Nord<\/h3>\t\t\t\t<\/div>\n\t\t\t\t<\/div>\n\t\t\t\t\t<\/div>\n\t\t\t\t<\/div>\n\t\t<div class=\"elementor-element elementor-element-d3b6989 e-flex e-con-boxed e-con e-parent\" data-id=\"d3b6989\" data-element_type=\"container\">\n\t\t\t\t\t<div class=\"e-con-inner\">\n\t\t<div class=\"elementor-element elementor-element-9328269 e-con-full e-flex e-con e-child\" data-id=\"9328269\" data-element_type=\"container\">\n\t\t\t\t<div class=\"elementor-element elementor-element-c97f078 elementor-widget elementor-widget-image\" data-id=\"c97f078\" data-element_type=\"widget\" data-widget_type=\"image.default\">\n\t\t\t\t<div class=\"elementor-widget-container\">\n\t\t\t\t\t\t\t\t\t\t\t\t\t\t\t<img fetchpriority=\"high\" decoding=\"async\" width=\"720\" height=\"960\" src=\"https:\/\/catalunyanord.cat\/wp-content\/uploads\/2024\/11\/Diada-2024-manifestacio.jpg\" class=\"attachment-large size-large wp-image-1189\" alt=\"\" srcset=\"https:\/\/catalunyanord.cat\/wp-content\/uploads\/2024\/11\/Diada-2024-manifestacio.jpg 720w, https:\/\/catalunyanord.cat\/wp-content\/uploads\/2024\/11\/Diada-2024-manifestacio-225x300.jpg 225w, https:\/\/catalunyanord.cat\/wp-content\/uploads\/2024\/11\/Diada-2024-manifestacio-600x800.jpg 600w\" sizes=\"(max-width: 720px) 100vw, 720px\" \/>\t\t\t\t\t\t\t\t\t\t\t\t\t\t\t<\/div>\n\t\t\t\t<\/div>\n\t\t\t\t<\/div>\n\t\t<div class=\"elementor-element elementor-element-d68f3d2 e-con-full e-flex e-con e-child\" data-id=\"d68f3d2\" data-element_type=\"container\">\n\t\t\t\t<div class=\"elementor-element elementor-element-d022f13 elementor-widget elementor-widget-image\" data-id=\"d022f13\" data-element_type=\"widget\" data-widget_type=\"image.default\">\n\t\t\t\t<div class=\"elementor-widget-container\">\n\t\t\t\t\t\t\t\t\t\t\t\t\t\t\t<img decoding=\"async\" width=\"725\" height=\"1024\" src=\"https:\/\/catalunyanord.cat\/wp-content\/uploads\/2024\/11\/cartell-concerts-725x1024.jpg\" class=\"attachment-large size-large wp-image-1188\" alt=\"\" srcset=\"https:\/\/catalunyanord.cat\/wp-content\/uploads\/2024\/11\/cartell-concerts-725x1024.jpg 725w, https:\/\/catalunyanord.cat\/wp-content\/uploads\/2024\/11\/cartell-concerts-212x300.jpg 212w, https:\/\/catalunyanord.cat\/wp-content\/uploads\/2024\/11\/cartell-concerts-600x847.jpg 600w, https:\/\/catalunyanord.cat\/wp-content\/uploads\/2024\/11\/cartell-concerts.jpg 764w\" sizes=\"(max-width: 725px) 100vw, 725px\" \/>\t\t\t\t\t\t\t\t\t\t\t\t\t\t\t<\/div>\n\t\t\t\t<\/div>\n\t\t\t\t<\/div>\n\t\t\t\t\t<\/div>\n\t\t\t\t<\/div>\n\t\t\t\t<\/div>\n\t\t","protected":false},"excerpt":{"rendered":"<p>confer\u00e8ncia de l&#8217;historiador gabriel ensenyat pujol Fa uns mesos els batlles de Perpiny\u00e0 i Palma van signar un agermanament franco espanyol amb accent feixista. L&#8217;historiador mallorqu\u00ed Gabriel Ensenyat Pujol vindr\u00e0 al Casal de Perpiny\u00e0 per a recordar la hist\u00f2ria que agermana les dues capitals catalana, una hist\u00f2ria d&#8217;uns segles d&#8217;unitat nacional. Manifest El 7 de &hellip;<\/p>\n<p class=\"read-more\"> <a class=\"\" href=\"https:\/\/catalunyanord.cat\/index.php\/2024\/11\/02\/7-de-novembre-24\/\"> <span class=\"screen-reader-text\">7 de novembre 2024<\/span> Llegeix m\u00e9s &raquo;<\/a><\/p>\n","protected":false},"author":1,"featured_media":1190,"comment_status":"open","ping_status":"open","sticky":false,"template":"","format":"standard","meta":{"pmpro_default_level":"","site-sidebar-layout":"default","site-content-layout":"default","ast-global-header-display":"","ast-main-header-display":"","ast-hfb-above-header-display":"","ast-hfb-below-header-display":"","ast-hfb-mobile-header-display":"","site-post-title":"","ast-breadcrumbs-content":"","ast-featured-img":"","footer-sml-layout":"","theme-transparent-header-meta":"","adv-header-id-meta":"","stick-header-meta":"","header-above-stick-meta":"","header-main-stick-meta":"","header-below-stick-meta":"","_jetpack_memberships_contains_paid_content":false,"footnotes":""},"categories":[1],"tags":[],"class_list":["post-1187","post","type-post","status-publish","format-standard","has-post-thumbnail","hentry","category-non-classe","pmpro-has-access"],"jetpack_featured_media_url":"https:\/\/catalunyanord.cat\/wp-content\/uploads\/2024\/11\/cartell-7N-24.jpg","jetpack_sharing_enabled":true,"_links":{"self":[{"href":"https:\/\/catalunyanord.cat\/index.php\/wp-json\/wp\/v2\/posts\/1187","targetHints":{"allow":["GET"]}}],"collection":[{"href":"https:\/\/catalunyanord.cat\/index.php\/wp-json\/wp\/v2\/posts"}],"about":[{"href":"https:\/\/catalunyanord.cat\/index.php\/wp-json\/wp\/v2\/types\/post"}],"author":[{"embeddable":true,"href":"https:\/\/catalunyanord.cat\/index.php\/wp-json\/wp\/v2\/users\/1"}],"replies":[{"embeddable":true,"href":"https:\/\/catalunyanord.cat\/index.php\/wp-json\/wp\/v2\/comments?post=1187"}],"version-history":[{"count":8,"href":"https:\/\/catalunyanord.cat\/index.php\/wp-json\/wp\/v2\/posts\/1187\/revisions"}],"predecessor-version":[{"id":1198,"href":"https:\/\/catalunyanord.cat\/index.php\/wp-json\/wp\/v2\/posts\/1187\/revisions\/1198"}],"wp:featuredmedia":[{"embeddable":true,"href":"https:\/\/catalunyanord.cat\/index.php\/wp-json\/wp\/v2\/media\/1190"}],"wp:attachment":[{"href":"https:\/\/catalunyanord.cat\/index.php\/wp-json\/wp\/v2\/media?parent=1187"}],"wp:term":[{"taxonomy":"category","embeddable":true,"href":"https:\/\/catalunyanord.cat\/index.php\/wp-json\/wp\/v2\/categories?post=1187"},{"taxonomy":"post_tag","embeddable":true,"href":"https:\/\/catalunyanord.cat\/index.php\/wp-json\/wp\/v2\/tags?post=1187"}],"curies":[{"name":"wp","href":"https:\/\/api.w.org\/{rel}","templated":true}]}}