{"id":369,"date":"2022-09-16T23:13:58","date_gmt":"2022-09-16T21:13:58","guid":{"rendered":"https:\/\/catalunyanord.cat\/?p=369"},"modified":"2023-01-08T13:14:39","modified_gmt":"2023-01-08T12:14:39","slug":"el-primer-doctubre-tots-a-barcelona","status":"publish","type":"post","link":"https:\/\/catalunyanord.cat\/index.php\/2022\/09\/16\/el-primer-doctubre-tots-a-barcelona\/","title":{"rendered":"El Primer d&#8217;Octubre tots a Barcelona"},"content":{"rendered":"\t\t<div data-elementor-type=\"wp-post\" data-elementor-id=\"369\" class=\"elementor elementor-369\" data-elementor-post-type=\"post\">\n\t\t\t\t\t\t<section class=\"elementor-section elementor-top-section elementor-element elementor-element-c4dbb18 elementor-section-boxed elementor-section-height-default elementor-section-height-default\" data-id=\"c4dbb18\" data-element_type=\"section\">\n\t\t\t\t\t\t<div class=\"elementor-container elementor-column-gap-default\">\n\t\t\t\t\t<div class=\"elementor-column elementor-col-100 elementor-top-column elementor-element elementor-element-6c0906b\" data-id=\"6c0906b\" data-element_type=\"column\">\n\t\t\t<div class=\"elementor-widget-wrap elementor-element-populated\">\n\t\t\t\t\t\t<div class=\"elementor-element elementor-element-70a9e1b elementor-widget elementor-widget-heading\" data-id=\"70a9e1b\" data-element_type=\"widget\" data-widget_type=\"heading.default\">\n\t\t\t\t<div class=\"elementor-widget-container\">\n\t\t\t\t\t<h2 class=\"elementor-heading-title elementor-size-default\"><span style=\", Roboto, RobotoDraft, Helvetica, Arial, sans-serif;font-size: 22px;white-space: normal\">El Primer d'Octubre tothom a Barcelona<\/span><\/h2>\t\t\t\t<\/div>\n\t\t\t\t<\/div>\n\t\t\t\t\t<\/div>\n\t\t<\/div>\n\t\t\t\t\t<\/div>\n\t\t<\/section>\n\t\t\t\t<section class=\"elementor-section elementor-top-section elementor-element elementor-element-4749406 elementor-section-boxed elementor-section-height-default elementor-section-height-default\" data-id=\"4749406\" data-element_type=\"section\">\n\t\t\t\t\t\t<div class=\"elementor-container elementor-column-gap-default\">\n\t\t\t\t\t<div class=\"elementor-column elementor-col-100 elementor-top-column elementor-element elementor-element-de1ff7d\" data-id=\"de1ff7d\" data-element_type=\"column\">\n\t\t\t<div class=\"elementor-widget-wrap elementor-element-populated\">\n\t\t\t\t\t\t<div class=\"elementor-element elementor-element-fa09db6 elementor-widget elementor-widget-image\" data-id=\"fa09db6\" data-element_type=\"widget\" data-widget_type=\"image.default\">\n\t\t\t\t<div class=\"elementor-widget-container\">\n\t\t\t\t\t\t\t\t\t\t\t\t\t\t\t\t<a href=\"https:\/\/docs.google.com\/forms\/d\/e\/1FAIpQLScPhN9tzcEwCEaqT8jSuB2td6Nd_KKWT2rdGKVfNtwEC05NUg\/viewform\">\n\t\t\t\t\t\t\t<img fetchpriority=\"high\" decoding=\"async\" width=\"1024\" height=\"674\" src=\"https:\/\/catalunyanord.cat\/wp-content\/uploads\/2022\/09\/cartell-1-O-22-web-1024x674.jpg\" class=\"attachment-large size-large wp-image-370\" alt=\"\" srcset=\"https:\/\/catalunyanord.cat\/wp-content\/uploads\/2022\/09\/cartell-1-O-22-web-1024x674.jpg 1024w, https:\/\/catalunyanord.cat\/wp-content\/uploads\/2022\/09\/cartell-1-O-22-web-600x395.jpg 600w, https:\/\/catalunyanord.cat\/wp-content\/uploads\/2022\/09\/cartell-1-O-22-web-300x197.jpg 300w, https:\/\/catalunyanord.cat\/wp-content\/uploads\/2022\/09\/cartell-1-O-22-web-768x505.jpg 768w, https:\/\/catalunyanord.cat\/wp-content\/uploads\/2022\/09\/cartell-1-O-22-web.jpg 1260w\" sizes=\"(max-width: 1024px) 100vw, 1024px\" \/>\t\t\t\t\t\t\t\t<\/a>\n\t\t\t\t\t\t\t\t\t\t\t\t\t\t\t<\/div>\n\t\t\t\t<\/div>\n\t\t\t\t\t<\/div>\n\t\t<\/div>\n\t\t\t\t\t<\/div>\n\t\t<\/section>\n\t\t\t\t<section class=\"elementor-section elementor-top-section elementor-element elementor-element-f3ebe52 elementor-section-boxed elementor-section-height-default elementor-section-height-default\" data-id=\"f3ebe52\" data-element_type=\"section\">\n\t\t\t\t\t\t<div class=\"elementor-container elementor-column-gap-default\">\n\t\t\t\t\t<div class=\"elementor-column elementor-col-100 elementor-top-column elementor-element elementor-element-81b10ca\" data-id=\"81b10ca\" data-element_type=\"column\">\n\t\t\t<div class=\"elementor-widget-wrap elementor-element-populated\">\n\t\t\t\t\t\t<div class=\"elementor-element elementor-element-80b316f elementor-widget elementor-widget-text-editor\" data-id=\"80b316f\" data-element_type=\"widget\" data-widget_type=\"text-editor.default\">\n\t\t\t\t<div class=\"elementor-widget-container\">\n\t\t\t\t\t\t\t\t\t<p>L\u2019\u00e8xit de la mobilitzaci\u00f3 ciutadana de l&#8217;11 de Setembre ha estat un punt\u00a0d\u2019inflexi\u00f3, no en\u00a0tinguem\u00a0cap dubte.<\/p><p>Uns a Madrid i altres a Catalunya\u00a0nos creien adormits, desmobilitzats, rendits\u2026 per\u00f2 no\u2026\u00a0l\u2019\u00e8xit assolit\u00a0ha capgirat la situaci\u00f3, l\u2019objectiu independ\u00e8ncia torna en primera l\u00ednia, ho sabem\u00a0la nostra for\u00e7a \u00e9s la mobilitzaci\u00f3, i ells tamb\u00e9 ho saben.<\/p><p>La nostra presidenta ha instat el Govern, el Parlament i els partits independentistes de posar la Declaraci\u00f3 d&#8217;Independ\u00e8ncia a l&#8217;agenda.<\/p><p>\u00a0M\u00e9s que mai nos hem de mobilitzar de nou, aquesta vegada el Primer d\u2019Octubre a Barcelona, \u00e9s fonamental per a fer avan\u00e7ar els -encara- tebis, indecisos, aquests qui tenen el cul entre dues cadires.<\/p><p>Posar la Rep\u00fablica a l\u2019agenda no \u00e9s cap quimera, ni cap utopia, hem de donar una altra volta de rosca i ho aconseguirem!<\/p><p>La Delegaci\u00f3 del Consell per la Rep\u00fablica, Catalunya Nord per la Independ\u00e8ncia i\u00a0\u00d2mnium Catalunya Nord organitzem autocars per a manifestar-nos a Barcelona, per a defensar els valors i la mem\u00f2ria de l\u20191-O del 2017.<\/p><p>Manifestem-nos per Catalunya, pel poble catal\u00e0, pels Pa\u00efsos Catalans.<br \/><a href=\"https:\/\/docs.google.com\/forms\/d\/e\/1FAIpQLScPhN9tzcEwCEaqT8jSuB2td6Nd_KKWT2rdGKVfNtwEC05NUg\/viewform\" target=\"_blank\" rel=\"noopener\" data-saferedirecturl=\"https:\/\/www.google.com\/url?q=https:\/\/docs.google.com\/forms\/d\/e\/1FAIpQLScPhN9tzcEwCEaqT8jSuB2td6Nd_KKWT2rdGKVfNtwEC05NUg\/viewform&amp;source=gmail&amp;ust=1663430330765000&amp;usg=AOvVaw0FH65iTIddcklfhnKiyCEN\">Tenim menester de la participaci\u00f3 de totes i tots vosaltres.<\/a><\/p><h4 style=\"text-align: center;\"><a href=\"https:\/\/docs.google.com\/forms\/d\/e\/1FAIpQLScPhN9tzcEwCEaqT8jSuB2td6Nd_KKWT2rdGKVfNtwEC05NUg\/viewform\" target=\"_blank\" rel=\"noopener\" data-saferedirecturl=\"https:\/\/www.google.com\/url?q=https:\/\/docs.google.com\/forms\/d\/e\/1FAIpQLScPhN9tzcEwCEaqT8jSuB2td6Nd_KKWT2rdGKVfNtwEC05NUg\/viewform&amp;source=gmail&amp;ust=1663430330765000&amp;usg=AOvVaw0FH65iTIddcklfhnKiyCEN\">Reserva el teu lloc a l\u2019autocar<\/a><\/h4>\t\t\t\t\t\t\t\t<\/div>\n\t\t\t\t<\/div>\n\t\t\t\t\t<\/div>\n\t\t<\/div>\n\t\t\t\t\t<\/div>\n\t\t<\/section>\n\t\t\t\t<\/div>\n\t\t","protected":false},"excerpt":{"rendered":"<p>El Primer d&#8217;Octubre tothom a Barcelona L\u2019\u00e8xit de la mobilitzaci\u00f3 ciutadana de l&#8217;11 de Setembre ha estat un punt\u00a0d\u2019inflexi\u00f3, no en\u00a0tinguem\u00a0cap dubte. Uns a Madrid i altres a Catalunya\u00a0nos creien adormits, desmobilitzats, rendits\u2026 per\u00f2 no\u2026\u00a0l\u2019\u00e8xit assolit\u00a0ha capgirat la situaci\u00f3, l\u2019objectiu independ\u00e8ncia torna en primera l\u00ednia, ho sabem\u00a0la nostra for\u00e7a \u00e9s la mobilitzaci\u00f3, i ells tamb\u00e9 &hellip;<\/p>\n<p class=\"read-more\"> <a class=\"\" href=\"https:\/\/catalunyanord.cat\/index.php\/2022\/09\/16\/el-primer-doctubre-tots-a-barcelona\/\"> <span class=\"screen-reader-text\">El Primer d&#8217;Octubre tots a Barcelona<\/span> Llegeix m\u00e9s &raquo;<\/a><\/p>\n","protected":false},"author":1,"featured_media":370,"comment_status":"open","ping_status":"open","sticky":false,"template":"","format":"standard","meta":{"pmpro_default_level":"","site-sidebar-layout":"default","site-content-layout":"default","ast-global-header-display":"","ast-main-header-display":"","ast-hfb-above-header-display":"","ast-hfb-below-header-display":"","ast-hfb-mobile-header-display":"","site-post-title":"","ast-breadcrumbs-content":"","ast-featured-img":"","footer-sml-layout":"","theme-transparent-header-meta":"","adv-header-id-meta":"","stick-header-meta":"","header-above-stick-meta":"","header-main-stick-meta":"","header-below-stick-meta":"","_jetpack_memberships_contains_paid_content":false,"footnotes":""},"categories":[30],"tags":[],"class_list":["post-369","post","type-post","status-publish","format-standard","has-post-thumbnail","hentry","category-manifestacions","pmpro-has-access"],"jetpack_featured_media_url":"https:\/\/catalunyanord.cat\/wp-content\/uploads\/2022\/09\/cartell-1-O-22-web.jpg","jetpack_sharing_enabled":true,"_links":{"self":[{"href":"https:\/\/catalunyanord.cat\/index.php\/wp-json\/wp\/v2\/posts\/369","targetHints":{"allow":["GET"]}}],"collection":[{"href":"https:\/\/catalunyanord.cat\/index.php\/wp-json\/wp\/v2\/posts"}],"about":[{"href":"https:\/\/catalunyanord.cat\/index.php\/wp-json\/wp\/v2\/types\/post"}],"author":[{"embeddable":true,"href":"https:\/\/catalunyanord.cat\/index.php\/wp-json\/wp\/v2\/users\/1"}],"replies":[{"embeddable":true,"href":"https:\/\/catalunyanord.cat\/index.php\/wp-json\/wp\/v2\/comments?post=369"}],"version-history":[{"count":4,"href":"https:\/\/catalunyanord.cat\/index.php\/wp-json\/wp\/v2\/posts\/369\/revisions"}],"predecessor-version":[{"id":374,"href":"https:\/\/catalunyanord.cat\/index.php\/wp-json\/wp\/v2\/posts\/369\/revisions\/374"}],"wp:featuredmedia":[{"embeddable":true,"href":"https:\/\/catalunyanord.cat\/index.php\/wp-json\/wp\/v2\/media\/370"}],"wp:attachment":[{"href":"https:\/\/catalunyanord.cat\/index.php\/wp-json\/wp\/v2\/media?parent=369"}],"wp:term":[{"taxonomy":"category","embeddable":true,"href":"https:\/\/catalunyanord.cat\/index.php\/wp-json\/wp\/v2\/categories?post=369"},{"taxonomy":"post_tag","embeddable":true,"href":"https:\/\/catalunyanord.cat\/index.php\/wp-json\/wp\/v2\/tags?post=369"}],"curies":[{"name":"wp","href":"https:\/\/api.w.org\/{rel}","templated":true}]}}