{"id":40,"date":"2022-08-17T21:11:53","date_gmt":"2022-08-17T19:11:53","guid":{"rendered":"https:\/\/catalunyanord.cat\/?p=40"},"modified":"2023-01-08T13:15:03","modified_gmt":"2023-01-08T12:15:03","slug":"11-de-setembre-reserva-el-teu-lloc","status":"publish","type":"post","link":"https:\/\/catalunyanord.cat\/index.php\/2022\/08\/17\/11-de-setembre-reserva-el-teu-lloc\/","title":{"rendered":"11 de Setembre reserva el teu lloc"},"content":{"rendered":"\t\t<div data-elementor-type=\"wp-post\" data-elementor-id=\"40\" class=\"elementor elementor-40\" data-elementor-post-type=\"post\">\n\t\t\t\t\t\t<section class=\"elementor-section elementor-top-section elementor-element elementor-element-8744328 elementor-section-boxed elementor-section-height-default elementor-section-height-default\" data-id=\"8744328\" data-element_type=\"section\">\n\t\t\t\t\t\t<div class=\"elementor-container elementor-column-gap-default\">\n\t\t\t\t\t<div class=\"elementor-column elementor-col-100 elementor-top-column elementor-element elementor-element-6ee4074\" data-id=\"6ee4074\" data-element_type=\"column\">\n\t\t\t<div class=\"elementor-widget-wrap elementor-element-populated\">\n\t\t\t\t\t\t<div class=\"elementor-element elementor-element-b00d661 elementor-widget elementor-widget-text-editor\" data-id=\"b00d661\" data-element_type=\"widget\" data-widget_type=\"text-editor.default\">\n\t\t\t\t<div class=\"elementor-widget-container\">\n\t\t\t\t\t\t\t\t\t<div class=\"elementor-element-overlay\">\n<ul class=\"elementor-editor-element-settings elementor-editor-column-settings\"><\/ul>\n<\/div>\n<div class=\"elementor-widget-wrap elementor-element-populated ui-sortable\">\n<div data-id=\"669af197\" data-element_type=\"widget\" class=\"elementor-element elementor-element-edit-mode elementor-element-669af197 elementor-element--toggle-edit-tools elementor-widget elementor-widget-text-editor\" data-model-cid=\"c32\" id=\"\" data-widget_type=\"text-editor.default\">\n<div class=\"elementor-element-overlay\">Des de Catalunya Nord x la Independ\u00e8ncia organitzem autocars per a participar a les mobilitzacions de la Diada organitzades per l\u2019Assemblea.<\/div>\n<div class=\"elementor-widget-container\">\n<div class=\"elementor-text-editor elementor-clearfix elementor-inline-editing\" data-elementor-setting-key=\"editor\" data-elementor-inline-editing-toolbar=\"advanced\">\n<p><strong>Programa<\/strong><\/p>\n<p>Diumenge 11 de setembre\u00a0<\/p>\n<ul>\n<li>9h sortida de Perpiny\u00e0 (p\u00e0rquing Leclerc sud)<\/li>\n<li>9h30 parada al peatge del Vol\u00f3<\/li>\n<li>17h14 manifestaci\u00f3<\/li>\n<li>19h final de la manifestaci\u00f3. Tothom a l\u2019autocar<\/li>\n<\/ul>\n<\/div>\n<\/div>\n<\/div>\n<\/div>\t\t\t\t\t\t\t\t<\/div>\n\t\t\t\t<\/div>\n\t\t\t\t\t<\/div>\n\t\t<\/div>\n\t\t\t\t\t<\/div>\n\t\t<\/section>\n\t\t\t\t<section class=\"elementor-section elementor-top-section elementor-element elementor-element-8aff50e elementor-section-boxed elementor-section-height-default elementor-section-height-default\" data-id=\"8aff50e\" data-element_type=\"section\">\n\t\t\t\t\t\t<div class=\"elementor-container elementor-column-gap-default\">\n\t\t\t\t\t<div class=\"elementor-column elementor-col-50 elementor-top-column elementor-element elementor-element-ac445b2\" data-id=\"ac445b2\" data-element_type=\"column\">\n\t\t\t<div class=\"elementor-widget-wrap elementor-element-populated\">\n\t\t\t\t\t\t<div class=\"elementor-element elementor-element-58bb49d elementor-view-default elementor-widget elementor-widget-icon\" data-id=\"58bb49d\" data-element_type=\"widget\" data-widget_type=\"icon.default\">\n\t\t\t\t<div class=\"elementor-widget-container\">\n\t\t\t\t\t\t\t<div class=\"elementor-icon-wrapper\">\n\t\t\t<a class=\"elementor-icon\" href=\"https:\/\/docs.google.com\/forms\/d\/e\/1FAIpQLSftqaEcfReaibk8k6SDhtjvDBAeqgKg-xg18kH0AtYU0U5dKg\/viewform\">\n\t\t\t<i aria-hidden=\"true\" class=\"fab fa-wpforms\"><\/i>\t\t\t<\/a>\n\t\t<\/div>\n\t\t\t\t\t\t<\/div>\n\t\t\t\t<\/div>\n\t\t\t\t<div class=\"elementor-element elementor-element-3fdbe8f elementor-widget elementor-widget-text-editor\" data-id=\"3fdbe8f\" data-element_type=\"widget\" data-widget_type=\"text-editor.default\">\n\t\t\t\t<div class=\"elementor-widget-container\">\n\t\t\t\t\t\t\t\t\t<h1 style=\"text-align: center;\"><strong>\u00a0<a style=\"transition-property: all;\" href=\"https:\/\/docs.google.com\/forms\/d\/e\/1FAIpQLSd04-ec6QwdQvHJRL9e0ni4lA1bPDM_OYwZNQadlPwNZM1Ahg\/viewform\" data-type=\"URL\" data-id=\"https:\/\/docs.google.com\/forms\/d\/e\/1FAIpQLSd04-ec6QwdQvHJRL9e0ni4lA1bPDM_OYwZNQadlPwNZM1Ahg\/viewform\">Formularis d&#8217;inscripcions<\/a><\/strong><\/h1>\t\t\t\t\t\t\t\t<\/div>\n\t\t\t\t<\/div>\n\t\t\t\t\t<\/div>\n\t\t<\/div>\n\t\t\t\t<div class=\"elementor-column elementor-col-50 elementor-top-column elementor-element elementor-element-6b8f005\" data-id=\"6b8f005\" data-element_type=\"column\">\n\t\t\t<div class=\"elementor-widget-wrap elementor-element-populated\">\n\t\t\t\t\t\t<div class=\"elementor-element elementor-element-c510a54 elementor-widget elementor-widget-text-editor\" data-id=\"c510a54\" data-element_type=\"widget\" data-widget_type=\"text-editor.default\">\n\t\t\t\t<div class=\"elementor-widget-container\">\n\t\t\t\t\t\t\t\t\t<h5><strong>Reservaci\u00f3<br \/><\/strong><strong style=\"font-size: inherit; color: var( --e-global-color-text ); font-family: var( --e-global-typography-text-font-family ), Sans-serif;\">Cost:<\/strong><span style=\"font-size: inherit; color: var( --e-global-color-text ); font-family: var( --e-global-typography-text-font-family ), Sans-serif; font-weight: var( --e-global-typography-text-font-weight );\">\u00a0<\/span><span style=\"font-size: inherit; color: var( --e-global-color-text ); font-family: var( --e-global-typography-text-font-family ), Sans-serif; font-weight: var( --e-global-typography-text-font-weight );\">25\u20ac per persona<\/span><\/h5>\n<p><b>M\u00e9s informacions<br \/><\/b><span style=\"font-size: inherit; color: var( --e-global-color-text ); font-family: var( --e-global-typography-text-font-family ), Sans-serif; font-weight: var( --e-global-typography-text-font-weight );\">tel\u00e8fon: Juli +33 6 01 23 94 45<br \/><\/span><span style=\"font-size: inherit; color: var( --e-global-color-text ); font-family: var( --e-global-typography-text-font-family ), Sans-serif; font-weight: var( --e-global-typography-text-font-weight );\">\u00a0 \u00a0 \u00a0 \u00a0 \u00a0 \u00a0 \u00a0 \u00a0 Mith\u00e9 +33 6 76 82 62 71<br \/>email: <a href=\"mailto:assemblea@catalunyanord.cat\">assemblea@catalunyanord.cat<\/a><\/span><\/p>\t\t\t\t\t\t\t\t<\/div>\n\t\t\t\t<\/div>\n\t\t\t\t\t<\/div>\n\t\t<\/div>\n\t\t\t\t\t<\/div>\n\t\t<\/section>\n\t\t\t\t<section class=\"elementor-section elementor-top-section elementor-element elementor-element-1f1a74b elementor-section-boxed elementor-section-height-default elementor-section-height-default\" data-id=\"1f1a74b\" data-element_type=\"section\">\n\t\t\t\t\t\t<div class=\"elementor-container elementor-column-gap-default\">\n\t\t\t\t\t<div class=\"elementor-column elementor-col-100 elementor-top-column elementor-element elementor-element-4e971987\" data-id=\"4e971987\" data-element_type=\"column\">\n\t\t\t<div class=\"elementor-widget-wrap elementor-element-populated\">\n\t\t\t\t\t\t<div class=\"elementor-element elementor-element-669af197 elementor-widget elementor-widget-text-editor\" data-id=\"669af197\" data-element_type=\"widget\" data-widget_type=\"text-editor.default\">\n\t\t\t\t<div class=\"elementor-widget-container\">\n\t\t\t\t\t\t\t\t\t<p><\/p>\n<p style=\"text-align: center;\">\n<\/p><p><\/p>\n<p><\/p>\n<h1 class=\"wp-block-heading\"><a href=\"https:\/\/docs.google.com\/forms\/d\/e\/1FAIpQLSd04-ec6QwdQvHJRL9e0ni4lA1bPDM_OYwZNQadlPwNZM1Ahg\/viewform\" style=\"background-color: rgb(255, 255, 255); font-size: 1rem;\"><img fetchpriority=\"high\" decoding=\"async\" width=\"727\" height=\"1024\" class=\"wp-image-42\" src=\"https:\/\/catalunyanord.cat\/wp-content\/uploads\/2022\/08\/cartell-v2-727x1024.jpg\" alt=\"\" srcset=\"https:\/\/catalunyanord.cat\/wp-content\/uploads\/2022\/08\/cartell-v2-727x1024.jpg 727w, https:\/\/catalunyanord.cat\/wp-content\/uploads\/2022\/08\/cartell-v2-600x846.jpg 600w, https:\/\/catalunyanord.cat\/wp-content\/uploads\/2022\/08\/cartell-v2-213x300.jpg 213w, https:\/\/catalunyanord.cat\/wp-content\/uploads\/2022\/08\/cartell-v2-768x1082.jpg 768w, https:\/\/catalunyanord.cat\/wp-content\/uploads\/2022\/08\/cartell-v2-1090x1536.jpg 1090w, https:\/\/catalunyanord.cat\/wp-content\/uploads\/2022\/08\/cartell-v2.jpg 1344w\" sizes=\"(max-width: 727px) 100vw, 727px\" \/><\/a><br><\/h1>\n<p><\/p>\t\t\t\t\t\t\t\t<\/div>\n\t\t\t\t<\/div>\n\t\t\t\t\t<\/div>\n\t\t<\/div>\n\t\t\t\t\t<\/div>\n\t\t<\/section>\n\t\t\t\t<\/div>\n\t\t","protected":false},"excerpt":{"rendered":"<p>Des de Catalunya Nord x la Independ\u00e8ncia organitzem autocars per a participar a les mobilitzacions de la Diada organitzades per l\u2019Assemblea. Programa Diumenge 11 de setembre\u00a0 9h sortida de Perpiny\u00e0 (p\u00e0rquing Leclerc sud) 9h30 parada al peatge del Vol\u00f3 17h14 manifestaci\u00f3 19h final de la manifestaci\u00f3. Tothom a l\u2019autocar \u00a0Formularis d&#8217;inscripcions Reservaci\u00f3Cost:\u00a025\u20ac per persona M\u00e9s &hellip;<\/p>\n<p class=\"read-more\"> <a class=\"\" href=\"https:\/\/catalunyanord.cat\/index.php\/2022\/08\/17\/11-de-setembre-reserva-el-teu-lloc\/\"> <span class=\"screen-reader-text\">11 de Setembre reserva el teu lloc<\/span> Llegeix m\u00e9s &raquo;<\/a><\/p>\n","protected":false},"author":1,"featured_media":45,"comment_status":"open","ping_status":"open","sticky":false,"template":"","format":"standard","meta":{"pmpro_default_level":"","site-sidebar-layout":"default","site-content-layout":"default","ast-global-header-display":"","ast-main-header-display":"","ast-hfb-above-header-display":"","ast-hfb-below-header-display":"","ast-hfb-mobile-header-display":"","site-post-title":"","ast-breadcrumbs-content":"","ast-featured-img":"","footer-sml-layout":"","theme-transparent-header-meta":"","adv-header-id-meta":"","stick-header-meta":"","header-above-stick-meta":"","header-main-stick-meta":"","header-below-stick-meta":"","_jetpack_memberships_contains_paid_content":false,"footnotes":""},"categories":[5,30],"tags":[],"class_list":["post-40","post","type-post","status-publish","format-standard","has-post-thumbnail","hentry","category-11s","category-manifestacions","pmpro-has-access"],"jetpack_featured_media_url":"https:\/\/catalunyanord.cat\/wp-content\/uploads\/2022\/08\/cartell-esdeveniment-fb-v2.jpg","jetpack_sharing_enabled":true,"_links":{"self":[{"href":"https:\/\/catalunyanord.cat\/index.php\/wp-json\/wp\/v2\/posts\/40","targetHints":{"allow":["GET"]}}],"collection":[{"href":"https:\/\/catalunyanord.cat\/index.php\/wp-json\/wp\/v2\/posts"}],"about":[{"href":"https:\/\/catalunyanord.cat\/index.php\/wp-json\/wp\/v2\/types\/post"}],"author":[{"embeddable":true,"href":"https:\/\/catalunyanord.cat\/index.php\/wp-json\/wp\/v2\/users\/1"}],"replies":[{"embeddable":true,"href":"https:\/\/catalunyanord.cat\/index.php\/wp-json\/wp\/v2\/comments?post=40"}],"version-history":[{"count":31,"href":"https:\/\/catalunyanord.cat\/index.php\/wp-json\/wp\/v2\/posts\/40\/revisions"}],"predecessor-version":[{"id":185,"href":"https:\/\/catalunyanord.cat\/index.php\/wp-json\/wp\/v2\/posts\/40\/revisions\/185"}],"wp:featuredmedia":[{"embeddable":true,"href":"https:\/\/catalunyanord.cat\/index.php\/wp-json\/wp\/v2\/media\/45"}],"wp:attachment":[{"href":"https:\/\/catalunyanord.cat\/index.php\/wp-json\/wp\/v2\/media?parent=40"}],"wp:term":[{"taxonomy":"category","embeddable":true,"href":"https:\/\/catalunyanord.cat\/index.php\/wp-json\/wp\/v2\/categories?post=40"},{"taxonomy":"post_tag","embeddable":true,"href":"https:\/\/catalunyanord.cat\/index.php\/wp-json\/wp\/v2\/tags?post=40"}],"curies":[{"name":"wp","href":"https:\/\/api.w.org\/{rel}","templated":true}]}}