{"id":414,"date":"2022-11-15T17:17:32","date_gmt":"2022-11-15T16:17:32","guid":{"rendered":"https:\/\/catalunyanord.cat\/?p=414"},"modified":"2023-01-08T13:14:22","modified_gmt":"2023-01-08T12:14:22","slug":"stop-silenci-independencia","status":"publish","type":"post","link":"https:\/\/catalunyanord.cat\/index.php\/2022\/11\/15\/stop-silenci-independencia\/","title":{"rendered":"Stop silenci INDEPEND\u00c8NCIA"},"content":{"rendered":"\t\t<div data-elementor-type=\"wp-post\" data-elementor-id=\"414\" class=\"elementor elementor-414\" data-elementor-post-type=\"post\">\n\t\t\t\t\t\t<section class=\"elementor-section elementor-top-section elementor-element elementor-element-78b9233 elementor-section-boxed elementor-section-height-default elementor-section-height-default\" data-id=\"78b9233\" data-element_type=\"section\">\n\t\t\t\t\t\t<div class=\"elementor-container elementor-column-gap-default\">\n\t\t\t\t\t<div class=\"elementor-column elementor-col-50 elementor-top-column elementor-element elementor-element-093e443\" data-id=\"093e443\" data-element_type=\"column\">\n\t\t\t<div class=\"elementor-widget-wrap elementor-element-populated\">\n\t\t\t\t\t\t<div class=\"elementor-element elementor-element-90add1c elementor-widget elementor-widget-image\" data-id=\"90add1c\" data-element_type=\"widget\" data-widget_type=\"image.default\">\n\t\t\t\t<div class=\"elementor-widget-container\">\n\t\t\t\t\t\t\t\t\t\t\t\t\t\t\t<img fetchpriority=\"high\" decoding=\"async\" width=\"724\" height=\"1024\" src=\"https:\/\/catalunyanord.cat\/wp-content\/uploads\/2022\/11\/cartell-19-11-22-web-724x1024.jpg\" class=\"attachment-large size-large wp-image-416\" alt=\"\" srcset=\"https:\/\/catalunyanord.cat\/wp-content\/uploads\/2022\/11\/cartell-19-11-22-web-724x1024.jpg 724w, https:\/\/catalunyanord.cat\/wp-content\/uploads\/2022\/11\/cartell-19-11-22-web-scaled-600x849.jpg 600w, https:\/\/catalunyanord.cat\/wp-content\/uploads\/2022\/11\/cartell-19-11-22-web-212x300.jpg 212w, https:\/\/catalunyanord.cat\/wp-content\/uploads\/2022\/11\/cartell-19-11-22-web-768x1086.jpg 768w, https:\/\/catalunyanord.cat\/wp-content\/uploads\/2022\/11\/cartell-19-11-22-web-1086x1536.jpg 1086w, https:\/\/catalunyanord.cat\/wp-content\/uploads\/2022\/11\/cartell-19-11-22-web-1448x2048.jpg 1448w, https:\/\/catalunyanord.cat\/wp-content\/uploads\/2022\/11\/cartell-19-11-22-web-scaled.jpg 1810w\" sizes=\"(max-width: 724px) 100vw, 724px\" \/>\t\t\t\t\t\t\t\t\t\t\t\t\t\t\t<\/div>\n\t\t\t\t<\/div>\n\t\t\t\t\t<\/div>\n\t\t<\/div>\n\t\t\t\t<div class=\"elementor-column elementor-col-50 elementor-top-column elementor-element elementor-element-056e9ca\" data-id=\"056e9ca\" data-element_type=\"column\">\n\t\t\t<div class=\"elementor-widget-wrap elementor-element-populated\">\n\t\t\t\t\t\t<div class=\"elementor-element elementor-element-cb7a116 elementor-widget elementor-widget-text-editor\" data-id=\"cb7a116\" data-element_type=\"widget\" data-widget_type=\"text-editor.default\">\n\t\t\t\t<div class=\"elementor-widget-container\">\n\t\t\t\t\t\t\t\t\t<p><strong>STOP repressi\u00f3, STOP silenci: INDEPEND\u00c8NCIA!<\/strong><\/p>\n<p>Fa 3 anys catalans de banda i banda tallaven l\u2019autopista al nivell del Port\u00fas, de la ratlla imposada el 1659. La (in)just\u00edcia espanyola va encausar m\u00e9s de 200 persones, 200 manifestants que havien fer \u00fas del seu dret a manifestar, no havien com\u00e8s cap delicte. La fiscalia ja havia tancat les investigacions de les 200 persones acusades de desordres. Per\u00f2 aquesta setmana, ha fet marxa enrere i demana que no se tanqui definitivament la causa!<strong>&nbsp;La just\u00edcia espanyola continua el seu cop d&#8217;estat judicial contra tot catal\u00e0 que es mou<\/strong>.<\/p>\n<p><strong>El Col\u00b7lectiu TORNEM A CAMINAR convoca 2 actes el 19 de novembre,<\/strong><\/p>\n<p><strong>Una xicolatada al Port\u00fas a les 10 del mat\u00ed<\/strong><\/p>\n<p><strong>Un vermut a La Jonquera a migdia<\/strong><\/p>\n<p>VENIM DEL NORD, VENIM DEL SUD per denunciar la repressi\u00f3 de l&#8217;Estat Espanyol, per denunciar el silenci i la complicitat de pol\u00edtics, partits, mitjans i opinadors oficials.<\/p>\n<p>La maquin\u00e0ria repressiva no s&#8217;atura, \u00e9s una CAUSA GENERAL contra l&#8217;independentisme: M\u00e9s 4200 persones pateixen les conseq\u00fc\u00e8ncies de la repressi\u00f3 espanyola contra l&#8217;independentisme democr\u00e0tic, contra el dret d&#8217;autodeterminaci\u00f3:<\/p>\n<ul>\n<li>1600 v\u00edctimes de la viol\u00e8ncia policial:&nbsp;<strong>NOS TREPITGEN&nbsp;<\/strong><\/li>\n<li>1432 jutjades en procediments penals:&nbsp;<strong>NOS JUTGEN<\/strong><\/li>\n<li>1200 pateixen econ\u00f2micament per procediments administratius:&nbsp;<strong>NOS ROBEN&nbsp;<\/strong><\/li>\n<li>65 v\u00edctimes d&#8217;espionatge pol\u00edtic il\u00b7legal:<strong>&nbsp;NOS ESPIEN I VIGILEN<\/strong><\/li>\n<\/ul>\n<p>Espanya vol esclafar l&#8217;ou de la independ\u00e8ncia i alguns partits i pol\u00edtics i mitjans i tertulians i opinadors catalans organitzen el silenci per apagar el foc del primer d&#8217;octubre, per apagar la flama d&#8217;Urquinaona, de l&#8217;Aeroport, de l&#8217;autopista&#8230;<\/p>\n<p>Manifestem-nos tamb\u00e9 contra el silenci i la conniv\u00e8ncia, contra la complicitat amb el govern espanyol&#8230;<\/p>\n<p>Quan la repressi\u00f3 continua i augmenta, molts mitjans i partits callen<\/p>\n<p>Quan la mesa del parlament \u00e9s jutjada molts mitjans i partits callen<\/p>\n<p>Quan els patriotes defensen el primer d&#8217;octubre, molts mitjans i partits callen.<\/p>\n<p>El cam\u00ed es fa pas a pas&#8230; Fa cinc anys, l&#8217;acci\u00f3 popular va ser el motor del major embat democr\u00e0tic que hem realitzat contra un estat demof\u00f2bic com l&#8217;espanyol.<\/p>\n<p>Fa tres anys l&#8217;acci\u00f3 popular el va posar contra les cordes, ocupant carrers, places, carreteres, autopistes, aeroports i estacions.<\/p>\n<p>Hem apr\u00e8s la nostra for\u00e7a i hem conegut el gust de la llibertat i ara, malgrat desorientacions i desgavells, ni volem ni podem renunciar-hi!<\/p>\n<blockquote>\n<p>Contra repressions i silencis:Independ\u00e8ncia!<br>Per totes les persones represaliades i per la independ\u00e8ncia! Tornem-hi!<\/p>\n<\/blockquote>\n<p><strong>Convoquen:<\/strong> Alerta Solid\u00e0ria, Comit\u00e8 de Solidaritat Catalana, Assemblea Catalunya Nord, Assemblea Figueres, Delegaci\u00f3 del Consell per la Rep\u00fablica Catalunya Nord, Consell Local per la Rep\u00fablica Figueres, \u00d2mnium Figueres, \u00d2mnium Catalunya Nord&#8230;<\/p>\n<p>Comptar\u00e0 amb la col\u00b7laboraci\u00f3 dels Escamots&nbsp;<span style=\"color: rgb(83, 100, 113); font-family: TwitterChirp, -apple-system, BlinkMacSystemFont, &quot;Segoe UI&quot;, Roboto, Helvetica, Arial, sans-serif; font-size: 15px; white-space: nowrap;\">@Escamotsmotards<\/span><\/p>\t\t\t\t\t\t\t\t<\/div>\n\t\t\t\t<\/div>\n\t\t\t\t\t<\/div>\n\t\t<\/div>\n\t\t\t\t\t<\/div>\n\t\t<\/section>\n\t\t\t\t<\/div>\n\t\t","protected":false},"excerpt":{"rendered":"<p>STOP repressi\u00f3, STOP silenci: INDEPEND\u00c8NCIA! Fa 3 anys catalans de banda i banda tallaven l\u2019autopista al nivell del Port\u00fas, de la ratlla imposada el 1659. La (in)just\u00edcia espanyola va encausar m\u00e9s de 200 persones, 200 manifestants que havien fer \u00fas del seu dret a manifestar, no havien com\u00e8s cap delicte. La fiscalia ja havia tancat &hellip;<\/p>\n<p class=\"read-more\"> <a class=\"\" href=\"https:\/\/catalunyanord.cat\/index.php\/2022\/11\/15\/stop-silenci-independencia\/\"> <span class=\"screen-reader-text\">Stop silenci INDEPEND\u00c8NCIA<\/span> Llegeix m\u00e9s &raquo;<\/a><\/p>\n","protected":false},"author":1,"featured_media":416,"comment_status":"open","ping_status":"open","sticky":false,"template":"","format":"standard","meta":{"pmpro_default_level":"","site-sidebar-layout":"default","site-content-layout":"default","ast-global-header-display":"","ast-main-header-display":"","ast-hfb-above-header-display":"","ast-hfb-below-header-display":"","ast-hfb-mobile-header-display":"","site-post-title":"","ast-breadcrumbs-content":"","ast-featured-img":"","footer-sml-layout":"","theme-transparent-header-meta":"","adv-header-id-meta":"","stick-header-meta":"","header-above-stick-meta":"","header-main-stick-meta":"","header-below-stick-meta":"","_jetpack_memberships_contains_paid_content":false,"footnotes":""},"categories":[30],"tags":[],"class_list":["post-414","post","type-post","status-publish","format-standard","has-post-thumbnail","hentry","category-manifestacions","pmpro-has-access"],"jetpack_featured_media_url":"https:\/\/catalunyanord.cat\/wp-content\/uploads\/2022\/11\/cartell-19-11-22-web-scaled.jpg","jetpack_sharing_enabled":true,"_links":{"self":[{"href":"https:\/\/catalunyanord.cat\/index.php\/wp-json\/wp\/v2\/posts\/414","targetHints":{"allow":["GET"]}}],"collection":[{"href":"https:\/\/catalunyanord.cat\/index.php\/wp-json\/wp\/v2\/posts"}],"about":[{"href":"https:\/\/catalunyanord.cat\/index.php\/wp-json\/wp\/v2\/types\/post"}],"author":[{"embeddable":true,"href":"https:\/\/catalunyanord.cat\/index.php\/wp-json\/wp\/v2\/users\/1"}],"replies":[{"embeddable":true,"href":"https:\/\/catalunyanord.cat\/index.php\/wp-json\/wp\/v2\/comments?post=414"}],"version-history":[{"count":14,"href":"https:\/\/catalunyanord.cat\/index.php\/wp-json\/wp\/v2\/posts\/414\/revisions"}],"predecessor-version":[{"id":656,"href":"https:\/\/catalunyanord.cat\/index.php\/wp-json\/wp\/v2\/posts\/414\/revisions\/656"}],"wp:featuredmedia":[{"embeddable":true,"href":"https:\/\/catalunyanord.cat\/index.php\/wp-json\/wp\/v2\/media\/416"}],"wp:attachment":[{"href":"https:\/\/catalunyanord.cat\/index.php\/wp-json\/wp\/v2\/media?parent=414"}],"wp:term":[{"taxonomy":"category","embeddable":true,"href":"https:\/\/catalunyanord.cat\/index.php\/wp-json\/wp\/v2\/categories?post=414"},{"taxonomy":"post_tag","embeddable":true,"href":"https:\/\/catalunyanord.cat\/index.php\/wp-json\/wp\/v2\/tags?post=414"}],"curies":[{"name":"wp","href":"https:\/\/api.w.org\/{rel}","templated":true}]}}