{"id":461,"date":"2022-12-15T19:15:37","date_gmt":"2022-12-15T18:15:37","guid":{"rendered":"https:\/\/catalunyanord.cat\/?p=461"},"modified":"2022-12-30T13:17:26","modified_gmt":"2022-12-30T12:17:26","slug":"balanc-2022","status":"publish","type":"post","link":"https:\/\/catalunyanord.cat\/index.php\/2022\/12\/15\/balanc-2022\/","title":{"rendered":"Balan\u00e7 de l\u2019any 2022"},"content":{"rendered":"\t\t<div data-elementor-type=\"wp-post\" data-elementor-id=\"461\" class=\"elementor elementor-461\" data-elementor-post-type=\"post\">\n\t\t\t\t\t\t<section class=\"elementor-section elementor-top-section elementor-element elementor-element-2c2075d1 elementor-section-boxed elementor-section-height-default elementor-section-height-default\" data-id=\"2c2075d1\" data-element_type=\"section\">\n\t\t\t\t\t\t<div class=\"elementor-container elementor-column-gap-default\">\n\t\t\t\t\t<div class=\"elementor-column elementor-col-100 elementor-top-column elementor-element elementor-element-409730ba\" data-id=\"409730ba\" data-element_type=\"column\">\n\t\t\t<div class=\"elementor-widget-wrap elementor-element-populated\">\n\t\t\t\t\t\t<div class=\"elementor-element elementor-element-7444b029 elementor-widget elementor-widget-text-editor\" data-id=\"7444b029\" data-element_type=\"widget\" data-widget_type=\"text-editor.default\">\n\t\t\t\t<div class=\"elementor-widget-container\">\n\t\t\t\t\t\t\t\t\t\n<p class=\"western\" style=\"text-align: left;\" align=\"CENTER\"><span style=\"color: #993300;\"><em>Per Andreu Laurent (SN) entrevistat a Radio Arrels el 15\/12\/2022<\/em><\/span><\/p>\n<p>La particularitat de l\u2019ANC \u00e9s la renovaci\u00f3 bi annual del secretariat\u00a0 que s\u2019ha fet precisament aquest any el 25 de maig. Per tant, l\u2019entitat ha tingut dues presidentes, dues grans presidentes<\/p>\n<p>Pel que fa el marc pol\u00edtic es pot dir que L\u2019Assemblea ha navegat en aig\u00fces tumultuoses entre opressi\u00f3\/repressi\u00f3 de l\u2019estat i autonomisme\/rendici\u00f3 del propi govern<\/p>\n<p align=\"CENTER\">-o-<\/p>\n<p>El primer semestre es fa sota la presid\u00e8ncia d\u2019Elisenda paluzie<\/p>\n<p>A l\u2019inici de l\u2019any la repressi\u00f3 \u00e9s m\u00e9s activa que mai. El conjunt dels indepependentistes son <b>TRACTATS COM ENEMICS<\/b> per no dir <b>A VEGADES COM TERRORISTES<\/b> i aix\u00f2 malgrat les den\u00fancies de la just\u00edcia europeu o de les inst\u00e8ncies internacionals.<\/p>\n<p>El 29 de gener l\u2019Assemblea participa en <b>LA PRIMERA TROBADA DEL \u201cFRONT COM\u00da CONTRA LA REPRESSI\u00d3<\/b>\u201d, un espai de treball i de coordinaci\u00f3 de les organitzacions, entitats i grups de suport antirepressius.<\/p>\n<p>El mes d\u2019abril, <b>ESCLATA EL CATALANGATE. <\/b> \u00e9s quan sembla que el lideratge del proc\u00e9s no es pot deixar en tota confian\u00e7a a mans del govern. El president, ell mateix una v\u00edctima, diu que no es pot dialogar amb un estat que vos espia i setmanes m\u00e9s tard afirma que cal tirar endavant la taula de di\u00e0leg perqu\u00e8 \u00e9s el que demana Europa.<\/p>\n<p><b>L\u2019ANC REACCIONA AMB UNA<\/b><b>\u00a0CAMPANYA <\/b>que encara avui \u00e9s vigent i que s\u2019inicia el 21 abril mentre que la presidenta i 4 altres membres fan part de les v\u00edctimes. El 29 de Juliol la querella de l\u2019Assemblea pel Catalangate \u00e9s admesa a tr\u00e0mit<\/p>\n<p>El mes seg\u00fcent <b>ELISENDA PALUZIE DEIXA EL SEU C\u00c0RREC<\/b> a Dolors Feliu tot i no deixar totalment l\u2019escenari independentista. Efectivament el 28 de Mar\u00e7 l\u2019ANC havia guanyat un nou protagonisme internacional quan l&#8217;Elisenda Paluzie, havia estat escollida com a vicepresidenta de l&#8217;Organitzaci\u00f3 de Nacions i Pobles No Representats (UNPO).<\/p>\n<p align=\"CENTER\">-o-<\/p>\n<p><b>EL SEGON SEMESTRE<\/b> \u00e9s <b>sota la presid\u00e8ncia de Dolors Feliu<\/b>. I per nosaltres secretaris els que ja han fet un primer mandat, l\u2019arribada de nous companys i a la meva comissi\u00f3 d\u2019incid\u00e8ncia internacional, per tractar el tema d\u2019incid\u00e8ncia Fran\u00e7a, ara hi tinc el refor\u00e7 d\u2019en Juli Gonz\u00e0lez.<\/p>\n<p>Pel que fa <b>L\u2019HORITZ\u00d3 POL\u00cdTIC<\/b>, el nou <b>FULL DE RUTA<\/b> 2022-2023, diu que cal &#8220;incrementar la pressi\u00f3 sobre les institucions&#8221; amb m\u00e9s mobilitzacions. <b>S\u2019HI TRACTA TAMB\u00c9 DEL<\/b> <b>CONSELL DE LA REP\u00daBLICA DEMANANT <\/b>d\u2019incentivar, promoure i facilitar el seu registre entre els socis, simpatitzants i la ciutadania en general.<\/p>\n<p>El full de ruta per al 2022-2023 tamb\u00e9 obre la porta a <b>IMPULSAR UNA &#8220;LLISTA C\u00cdVICA<\/b>&#8221; independent dels partits a les properes eleccions al Parlament.<\/p>\n<p>La nova presidenta pensa que un nou refer\u00e8ndum no \u00e9s possible i fixa al febrer 2025 el nou horitz\u00f3 per fer efectiva la independ\u00e8ncia.<\/p>\n<p><b>\u00c9S UN NOU CICLE<\/b> marcat el maig de 2023 per les eleccions municipals, el maig de 2024 a Europa, el desembre al Congr\u00e9s espanyol i i finalment el febrer de 2025, al parlament catal\u00e0.<\/p>\n<p>Un dels primers dossiers \u00e9s el <b>SEGUIMENT DE LA CAMPANYA DEL CATALANGATE<\/b>.<\/p>\n<p>El Juliol, l\u2019Assemblea demana que s\u2019inclogui l\u2019Estat espanyol entre els pa\u00efsos a visitar i investigar sobre el terreny per part de les eurodiputades i eurodiputats que estan investigant l\u2019\u00fas de Pegasus a la Uni\u00f3 Europea<\/p>\n<p>L\u2019Assemblea participa regularment a f\u00f2rums de trobades internacionals de drets humans com a part de les seves accions de defensa internacional i per denunciar les vulneracions de drets per part de les institucions espanyoles contra el poble de Catalunya.<\/p>\n<p>Fou el cas quan una companya de la Comissi\u00f3 Internacional va intervenir en la quarta sessi\u00f3 del F\u00f2rum de les Nacions Unides sobre Drets Humans, Democr\u00e0cia i Estat de Dret el 24 i 25 nov per denunciar la parcialitat del poder judicial espanyol i demanar protocols de control de spyware.<\/p>\n<p><b>CAMPANYA NOSALTRES ACUSEM LA JUST\u00cdCIA ESPANYOLA<\/b> i <b>PETICI\u00d3 D\u2019UNA COMISSI\u00d3 D\u2019INVESTIGACI\u00d3 SOBRE LA \u201cCAUSA GENERAL&#8221;<\/b><\/p>\n<p>El 3 de setembre es llan\u00e7a una \u201cCampanya de den\u00fancia de la Causa General contra l\u2019independentisme\u201d que es concreta amb els documents \u201cNosaltres acusem la just\u00edcia espanyola\u201d i la \u00abPetici\u00f3 d\u2019una Comissi\u00f3 d\u2019Investigaci\u00f3 sobre la \u201cCausa General\u00bb.<\/p>\n<p>La campanya \u201cNosaltres acusem\u201d vol recollir el suport de la ciutadania per mor que el Parlament de Catalunya cre\u00ef una comissi\u00f3 d\u2019investigaci\u00f3 sobre l\u2019amplitud i l\u2019abast de la causa general de la just\u00edcia espanyola contra el moviment independentista.<\/p>\n<p>L\u2019objectiu final \u00e9s de fer arribar l\u2019informe de la comissi\u00f3 al Consell d\u2019Europa.<\/p>\n<p>L\u2019inici de la campanya es va manifestar amb una acampada Pla\u00e7a Catalunya<\/p>\n<p><b>LA CRISI DEL I AMB EL GOVERN CATAL\u00c0<\/b><\/p>\n<p>El 4 de setembre el president Aragon\u00e8s fa una crida a no anar a la Diada. Aix\u00f2 marca clarament una bifurcaci\u00f3 de l\u2019independentisme.<\/p>\n<p>El 11S la resposta \u00e9s molt clara tamb\u00e9. La Diada \u00e9s un \u00e8xit.<\/p>\n<p>La mobilitzaci\u00f3 de l\u2019Onze de Setembre i la for\u00e7a de la gent ha fet que els partits sentissin la pressi\u00f3 per sortir de l\u2019immobilisme. Aix\u00f2 ha comportat una crisi de govern, per\u00f2 continuem constatant que cap partit al Parlament t\u00e9 una estrat\u00e8gia consistent per fer efectiva la independ\u00e8ncia.<\/p>\n<p>L\u20191.O, l&#8217;Independentisme hi centra els ulls amb l\u2019aniversari dels 5 anys.<\/p>\n<p>5 anys de l\u2019exercici pol\u00edtic i del dret a l\u2019autodeterminaci\u00f3 m\u00e9s important de la hist\u00f2ria de Catalunya: el refer\u00e8ndum de la independ\u00e8ncia del nostre pa\u00eds.<\/p>\n<p>Per posar en valor de nou la fita aconseguida aquell Primer d\u2019Octubre de 2017 es forma <b>UN MUR D\u00b4URNES<\/b> de l\u20191-O davant de la porta del Palau de la Generalitat, amb la lectura del manifest per part de la presidenta, Dolors Feliu..<\/p>\n<p>Molt potent tamb\u00e9, despr\u00e9s de l\u2019acte, ens vam unir a la concentraci\u00f3 organitzada pel Consell de la Rep\u00fablica a l\u00b4Arc del Triomf.<\/p>\n<p>El 4 d\u2019octubre esclata la crisi al govern de la Generalitat i la destituci\u00f3 del vicepresident Jordi Puigner\u00f3.<\/p>\n<p>Poc despr\u00e9s el partit Junts decideix no continuar a formar part del govern.<\/p>\n<p><b>DENUNCIAR I DESACREDITAR LES EINES DE REPRESSI\u00d3<\/b> de l\u2019estat espanyol \u00e9s un dels objectius clau de l\u2019Assemblea. Dins aquest sentit, el 21 de setembre L&#8217;ANC ha coorganitzat amb UNPO a Nova York la presentaci\u00f3 d&#8217;un informe internacional sobre les eines de repressi\u00f3 que utilitzen els estats autoritaris contra els defensors dels drets humans.<\/p>\n<p><b>LA CONFER\u00c8NCIA NACIONAL<\/b><\/p>\n<p>El trencament del Govern ha evidenciat la seva manca de projecte independentista.<\/p>\n<p>A partir de les reunions mantingudes i dels esdeveniments succe\u00efts, l\u2019Assemblea vol conformar i dotar de contingut l\u2019estrat\u00e8gia per fer efectiva la declaraci\u00f3 d\u2019independ\u00e8ncia. Per aix\u00f2 organitza per al primer trimestre de 2023 una Confer\u00e8ncia Nacional per definir i consensuar les actuacions necess\u00e0ries per declarar la independ\u00e8ncia, fer-la efectiva, sostenir-la en el temps i aconseguir-ne el reconeixement internacional.<\/p>\n<p><b>REFORMA DEL DELICTE DE SEDICI\u00d3<\/b><\/p>\n<p>L\u201911 de novembre, el president del govern espanyol anuncia el projecte de substituir el delicte de sedici\u00f3 amb un de \u00ab desordre p\u00fablic agreujat \u00bb<\/p>\n<p>Nom\u00e9s cal llegir el text : \u00abpenes fins a tres anys de pres\u00f3 per la \u201cinvasi\u00f3 d\u2019instal\u00b7lacions o edificis\u201d i \u201cl\u2019obstaculitzaci\u00f3 de vies p\u00fabliques que representin un perill per a la vida o la salut de les persones\u201d aix\u00ed com qualsevol acte \u201cd\u2019intimidaci\u00f3 sobre les persones o les coses\u201d. contra qualsevol mobilitzaci\u00f3.<\/p>\n<p>Per veure que el delicte de sedici\u00f3 es transforma en un delicte contra l\u20191-O. \u00c9s un redactat gen\u00e8ric on t\u00e9 cabuda el c\u00e0stig penal.<\/p>\n<p>Per tant la reacci\u00f3 d\u2019Assemblea \u00e9s immediat. La manifestaci\u00f3 del Dimarts 6 de desembre Pla\u00e7a Sant Jaume ha sigut un \u00e8xit<\/p>\n<p align=\"CENTER\">-o-<\/p>\n<h1 class=\"western\">Conclusi\u00f3<\/h1>\n<p>Es podria encara citar altres accions d\u2019Assemblea: den\u00fancia dels atemptats del 17A 2017, campanya Consum Estrat\u00e8gic, Campanya en contra les Jocs Ol\u00edmpics d\u2019hivern als Pirineus, la Via Pirinenca, la visita de Marchena, les Normes de Castell\u00f3.<\/p>\n<p>El 10 de mar\u00e7, es festejava els deu anys de l&#8217;assemblea. Una d\u00e8cada lluitant i treballant per la independ\u00e8ncia del nostre pa\u00eds.<\/p>\n<p>Amb el seu constant objectiu d\u2019assolir el m\u00e9s aviat possible la independ\u00e8ncia de Catalunya, la voluntat de complir amb el mandat del refer\u00e8ndum i la realitat que cada vegada que fa una crida la gent surt al carrer en format multitudinari, l\u2019ANC justifica plenament la seva exist\u00e8ncia.<\/p>\n<p>A mi el balan\u00e7 d\u2019aquest any em conforta dins la sensaci\u00f3 de treballar concretament per assolir aquesta independ\u00e8ncia. A m\u00e9s, aix\u00f2 em dona el sentit d\u2019acompliment personal que segurament em deixar\u00e0 una forta empenta.<\/p>\n<p>Nom\u00e9s cal veure a la territorial de Catalunya Nord el comprom\u00eds dels antics membres d\u2019aquesta confraria, lluitant amb passi\u00f3 sota el lideratge de l\u2019Herv\u00e9 per assolir aquest noble objectiu.<\/p>\n<p><em><span style=\"color: #993300;\">Andreu Laurent<\/span><\/em><\/p>\n\t\t\t\t\t\t\t\t<\/div>\n\t\t\t\t<\/div>\n\t\t\t\t\t<\/div>\n\t\t<\/div>\n\t\t\t\t\t<\/div>\n\t\t<\/section>\n\t\t\t\t<\/div>\n\t\t","protected":false},"excerpt":{"rendered":"<p>Per Andreu Laurent (SN) entrevistat a Radio Arrels el 15\/12\/2022 La particularitat de l\u2019ANC \u00e9s la renovaci\u00f3 bi annual del secretariat&nbsp; que s\u2019ha fet precisament aquest any el 25 de maig. Per tant, l\u2019entitat ha tingut dues presidentes, dues grans presidentes Pel que fa el marc pol\u00edtic es pot dir que L\u2019Assemblea ha navegat en &hellip;<\/p>\n<p class=\"read-more\"> <a class=\"\" href=\"https:\/\/catalunyanord.cat\/index.php\/2022\/12\/15\/balanc-2022\/\"> <span class=\"screen-reader-text\">Balan\u00e7 de l\u2019any 2022<\/span> Llegeix m\u00e9s &raquo;<\/a><\/p>\n","protected":false},"author":1,"featured_media":491,"comment_status":"open","ping_status":"open","sticky":false,"template":"","format":"standard","meta":{"pmpro_default_level":"","site-sidebar-layout":"default","site-content-layout":"default","ast-global-header-display":"","ast-main-header-display":"","ast-hfb-above-header-display":"","ast-hfb-below-header-display":"","ast-hfb-mobile-header-display":"","site-post-title":"","ast-breadcrumbs-content":"","ast-featured-img":"","footer-sml-layout":"","theme-transparent-header-meta":"","adv-header-id-meta":"","stick-header-meta":"","header-above-stick-meta":"","header-main-stick-meta":"","header-below-stick-meta":"","_jetpack_memberships_contains_paid_content":false,"footnotes":""},"categories":[29],"tags":[],"class_list":["post-461","post","type-post","status-publish","format-standard","has-post-thumbnail","hentry","category-ressenya","pmpro-has-access"],"jetpack_featured_media_url":"https:\/\/catalunyanord.cat\/wp-content\/uploads\/2022\/12\/P1030496-scaled-e1671134550714.jpg","jetpack_sharing_enabled":true,"_links":{"self":[{"href":"https:\/\/catalunyanord.cat\/index.php\/wp-json\/wp\/v2\/posts\/461","targetHints":{"allow":["GET"]}}],"collection":[{"href":"https:\/\/catalunyanord.cat\/index.php\/wp-json\/wp\/v2\/posts"}],"about":[{"href":"https:\/\/catalunyanord.cat\/index.php\/wp-json\/wp\/v2\/types\/post"}],"author":[{"embeddable":true,"href":"https:\/\/catalunyanord.cat\/index.php\/wp-json\/wp\/v2\/users\/1"}],"replies":[{"embeddable":true,"href":"https:\/\/catalunyanord.cat\/index.php\/wp-json\/wp\/v2\/comments?post=461"}],"version-history":[{"count":46,"href":"https:\/\/catalunyanord.cat\/index.php\/wp-json\/wp\/v2\/posts\/461\/revisions"}],"predecessor-version":[{"id":683,"href":"https:\/\/catalunyanord.cat\/index.php\/wp-json\/wp\/v2\/posts\/461\/revisions\/683"}],"wp:featuredmedia":[{"embeddable":true,"href":"https:\/\/catalunyanord.cat\/index.php\/wp-json\/wp\/v2\/media\/491"}],"wp:attachment":[{"href":"https:\/\/catalunyanord.cat\/index.php\/wp-json\/wp\/v2\/media?parent=461"}],"wp:term":[{"taxonomy":"category","embeddable":true,"href":"https:\/\/catalunyanord.cat\/index.php\/wp-json\/wp\/v2\/categories?post=461"},{"taxonomy":"post_tag","embeddable":true,"href":"https:\/\/catalunyanord.cat\/index.php\/wp-json\/wp\/v2\/tags?post=461"}],"curies":[{"name":"wp","href":"https:\/\/api.w.org\/{rel}","templated":true}]}}