{"id":694,"date":"2023-01-11T11:54:32","date_gmt":"2023-01-11T10:54:32","guid":{"rendered":"https:\/\/catalunyanord.cat\/?p=694"},"modified":"2023-01-14T17:52:16","modified_gmt":"2023-01-14T16:52:16","slug":"apuntat-i-manifestat-a-barcelona","status":"publish","type":"post","link":"https:\/\/catalunyanord.cat\/index.php\/2023\/01\/11\/apuntat-i-manifestat-a-barcelona\/","title":{"rendered":"Apunta&#8217;t i manifesta&#8217;t a Barcelona"},"content":{"rendered":"\t\t<div data-elementor-type=\"wp-post\" data-elementor-id=\"694\" class=\"elementor elementor-694\" data-elementor-post-type=\"post\">\n\t\t\t\t\t\t<section class=\"elementor-section elementor-top-section elementor-element elementor-element-d4f3c12 elementor-section-boxed elementor-section-height-default elementor-section-height-default\" data-id=\"d4f3c12\" data-element_type=\"section\">\n\t\t\t\t\t\t<div class=\"elementor-container elementor-column-gap-default\">\n\t\t\t\t\t<div class=\"elementor-column elementor-col-100 elementor-top-column elementor-element elementor-element-75787e3\" data-id=\"75787e3\" data-element_type=\"column\">\n\t\t\t<div class=\"elementor-widget-wrap elementor-element-populated\">\n\t\t\t\t\t\t<div class=\"elementor-element elementor-element-1de8cf3 elementor-widget elementor-widget-text-editor\" data-id=\"1de8cf3\" data-element_type=\"widget\" data-widget_type=\"text-editor.default\">\n\t\t\t\t<div class=\"elementor-widget-container\">\n\t\t\t\t\t\t\t\t\t<div>\n<h4>El 19 de gener, manifestem-nos per la dignitat, la llibertat, per Catalunya!<\/h4>\n<div>&nbsp;<\/div>\n<div>El 19 de gener tindr\u00e0 lloc a Barcelona una cimera franco-espanyola, una nova provocaci\u00f3 de dos estats que des de fa segles limiten, restringeixen els drets dels catalans.<\/div>\n<div>Acceptant participar a aquesta cimera a la capital de Barcelona, el president de la Rep\u00fablica francesa surt de la seua reserva per a posar-se a costat del representant de l&#8217;estat espanyol, un estat clarament demof\u00f2bic capa\u00e7 d&#8217;atacar, empresonar o for\u00e7ar a l&#8217;exili ciutadans armats de butlletes de vot. Un estat responsable de reprimir m\u00e9s de 4200 ciutadans que han manifestat de manera pac\u00edfica els seus anhels de llibertat.<\/div>\n<div>&nbsp;<\/div>\n<div>El silenci de Fran\u00e7a des del 2017 no \u00e9s digne d&#8217;un pa\u00eds que s&#8217;autoanomena <em>&#8220;Le Pays des Droits de l&#8217;Homme&#8221;<\/em>, per\u00f2 en participar a un acte pensat per a humiliar tot un poble&nbsp; se desqualifica de nou.<\/div>\n<div>&nbsp;<\/div>\n<div>Si Espanya ataca obertament Catalunya i els catalans, Fran\u00e7a ho fa tamb\u00e9, de manera diferent, per\u00f2 amb eficacitat.<\/div>\n<div>No cal tornar al Tractat dels Pirineus per a ser conscients dels fets.<\/div>\n<div>Gr\u00e0cies al seu prefecte de torn, aquests darrers anys Fran\u00e7a ha tornat a imposar fronteres entre catalans del sud i del nord, fronteres que no haurien de ser dins una Europa oberta a la circulaci\u00f3 de tots els seus ciutadans.<\/div>\n<div>Fran\u00e7a mant\u00e9 la repressi\u00f3 ling\u00fc\u00edstica prohibint l&#8217;\u00fas de la llengua pr\u00f2pia del territori en marc oficials com ho poden ser plens de consells municipals, nega el dret d&#8217;usar a la llengua pr\u00f2pia als primers representants del poble.<\/div>\n<div>Fran\u00e7a falsifica i imposa la seua hist\u00f2ria, una hist\u00f2ria que nega la nostra, hist\u00f2ria que nega fins la nostra identitat titllant-nos d&#8217;occitans.<\/div>\n<div>&nbsp;<\/div>\n<\/div>\n<div>Les entitats: Catalunya Nord per la Independ\u00e8ncia, la Delegaci\u00f3 del Consell de la Rep\u00fablica, \u00d2mnium Cultural Catalunya Nord, Unitat Catalana, Esquerra Republicana Catalunya Nord<\/div>\n<div>convoquem tots els dem\u00f2crates a participar a la manifestaci\u00f3 del 19 de gener a la capital catalana.&nbsp;<\/div>\n<div>&nbsp;<\/div>\n<h1 style=\"text-align: center;\"><a href=\"https:\/\/docs.google.com\/forms\/d\/e\/1FAIpQLSfbXyslynUDR4rIVmcGkaUn7fZcT9V6MYBCfneoqMSyUZIycQ\/viewform\" target=\"_blank\" rel=\"noopener\">Compartim vehicles<br>Fes un clic i&nbsp;<em>apunta&#8217;t<\/em><\/a><\/h1>\t\t\t\t\t\t\t\t<\/div>\n\t\t\t\t<\/div>\n\t\t\t\t\t<\/div>\n\t\t<\/div>\n\t\t\t\t\t<\/div>\n\t\t<\/section>\n\t\t\t\t<\/div>\n\t\t","protected":false},"excerpt":{"rendered":"<p>El 19 de gener, manifestem-nos per la dignitat, la llibertat, per Catalunya! &nbsp; El 19 de gener tindr\u00e0 lloc a Barcelona una cimera franco-espanyola, una nova provocaci\u00f3 de dos estats que des de fa segles limiten, restringeixen els drets dels catalans. Acceptant participar a aquesta cimera a la capital de Barcelona, el president de la &hellip;<\/p>\n<p class=\"read-more\"> <a class=\"\" href=\"https:\/\/catalunyanord.cat\/index.php\/2023\/01\/11\/apuntat-i-manifestat-a-barcelona\/\"> <span class=\"screen-reader-text\">Apunta&#8217;t i manifesta&#8217;t a Barcelona<\/span> Llegeix m\u00e9s &raquo;<\/a><\/p>\n","protected":false},"author":1,"featured_media":712,"comment_status":"open","ping_status":"open","sticky":false,"template":"","format":"standard","meta":{"pmpro_default_level":"","site-sidebar-layout":"default","site-content-layout":"default","ast-global-header-display":"","ast-main-header-display":"","ast-hfb-above-header-display":"","ast-hfb-below-header-display":"","ast-hfb-mobile-header-display":"","site-post-title":"","ast-breadcrumbs-content":"","ast-featured-img":"","footer-sml-layout":"","theme-transparent-header-meta":"","adv-header-id-meta":"","stick-header-meta":"","header-above-stick-meta":"","header-main-stick-meta":"","header-below-stick-meta":"","_jetpack_memberships_contains_paid_content":false,"footnotes":""},"categories":[30],"tags":[],"class_list":["post-694","post","type-post","status-publish","format-standard","has-post-thumbnail","hentry","category-manifestacions","pmpro-has-access"],"jetpack_featured_media_url":"https:\/\/catalunyanord.cat\/wp-content\/uploads\/2023\/01\/cartell-19-de-gener.jpg","jetpack_sharing_enabled":true,"_links":{"self":[{"href":"https:\/\/catalunyanord.cat\/index.php\/wp-json\/wp\/v2\/posts\/694","targetHints":{"allow":["GET"]}}],"collection":[{"href":"https:\/\/catalunyanord.cat\/index.php\/wp-json\/wp\/v2\/posts"}],"about":[{"href":"https:\/\/catalunyanord.cat\/index.php\/wp-json\/wp\/v2\/types\/post"}],"author":[{"embeddable":true,"href":"https:\/\/catalunyanord.cat\/index.php\/wp-json\/wp\/v2\/users\/1"}],"replies":[{"embeddable":true,"href":"https:\/\/catalunyanord.cat\/index.php\/wp-json\/wp\/v2\/comments?post=694"}],"version-history":[{"count":19,"href":"https:\/\/catalunyanord.cat\/index.php\/wp-json\/wp\/v2\/posts\/694\/revisions"}],"predecessor-version":[{"id":722,"href":"https:\/\/catalunyanord.cat\/index.php\/wp-json\/wp\/v2\/posts\/694\/revisions\/722"}],"wp:featuredmedia":[{"embeddable":true,"href":"https:\/\/catalunyanord.cat\/index.php\/wp-json\/wp\/v2\/media\/712"}],"wp:attachment":[{"href":"https:\/\/catalunyanord.cat\/index.php\/wp-json\/wp\/v2\/media?parent=694"}],"wp:term":[{"taxonomy":"category","embeddable":true,"href":"https:\/\/catalunyanord.cat\/index.php\/wp-json\/wp\/v2\/categories?post=694"},{"taxonomy":"post_tag","embeddable":true,"href":"https:\/\/catalunyanord.cat\/index.php\/wp-json\/wp\/v2\/tags?post=694"}],"curies":[{"name":"wp","href":"https:\/\/api.w.org\/{rel}","templated":true}]}}