{"id":855,"date":"2023-09-06T10:10:23","date_gmt":"2023-09-06T08:10:23","guid":{"rendered":"https:\/\/catalunyanord.cat\/?p=855"},"modified":"2023-09-06T10:19:09","modified_gmt":"2023-09-06T08:19:09","slug":"la-situacio-de-lidentitat-catalana-a-catalunya-nord-per-landreu-laurent","status":"publish","type":"post","link":"https:\/\/catalunyanord.cat\/index.php\/2023\/09\/06\/la-situacio-de-lidentitat-catalana-a-catalunya-nord-per-landreu-laurent\/","title":{"rendered":"La situaci\u00f3 de l\u2019identitat catalana a Catalunya Nord per l&#8217;Andreu Laurent"},"content":{"rendered":"\t\t<div data-elementor-type=\"wp-post\" data-elementor-id=\"855\" class=\"elementor elementor-855\" data-elementor-post-type=\"post\">\n\t\t\t\t<div class=\"elementor-element elementor-element-b47277c e-flex e-con-boxed e-con e-parent\" data-id=\"b47277c\" data-element_type=\"container\">\n\t\t\t\t\t<div class=\"e-con-inner\">\n\t\t\t\t<div class=\"elementor-element elementor-element-33b2254 elementor-widget elementor-widget-text-editor\" data-id=\"33b2254\" data-element_type=\"widget\" data-widget_type=\"text-editor.default\">\n\t\t\t\t<div class=\"elementor-widget-container\">\n\t\t\t\t\t\t\t\t\t<p><span style=\"font-weight: 400;\">Moltes gr\u00e0cies per fer-nos l\u2019honor d\u2019invitar-nos a nosaltres Catalans del Nord <\/span><\/p><p><span style=\"font-weight: 400;\">La Catalunya del Nord no est\u00e0 submisa a l\u2019Estat espanyol per\u00f2 \/ amb un batlle a la capital i les quatre diputats d\u2019extrema dreta i amb un estat franc\u00e8s m\u00e9s centralitzador que mai \/ patim molt pel que fa la llengua i la nostra identitat de pa\u00eds.<\/span><\/p><p><span style=\"font-weight: 400;\">Com som dos intervinants, us parlar\u00e9 jo de l&#8217;efecte extrema-dreta.\u00a0<\/span><\/p><p><span style=\"font-weight: 400;\">Sense mostrar clarament la seua anticatalanitat, el batlle de Perpiny\u00e0 s&#8217;ha atacat \/ a s\u00edmbols constitutius de la identitat catalana \/ 3 exemples.<\/span><\/p><p><span style=\"font-weight: 400;\">Una de les primeres accions del Louis Aliot \/ com nou batlle de Perpiny\u00e0 elegit el 2020 \/ ha estat de penjar permanentment la bandera francesa al cim del Castellet \/ mostrant aix\u00ed que ni la Casa Pairal podia escapar-se de les urpes franceses.<\/span><\/p><p><span style=\"font-weight: 400;\">Despr\u00e9s, a la primevera del 2021, sense avisar ning\u00fa \/ ni el propi consell municipal \/ Aliot ha canviat el logo de Perpiny\u00e0. \u00a0 Aquest nou logo engabia les 4 barres que nos defineixen dins un marc tricolor.\u00a0<\/span><\/p><p><span style=\"font-weight: 400;\">El tercer fet mostra el seu intent de descatalanitzar el territori com treure a la festa de Sant Joan la seva identitat catalana. No va dubtar en efecte oposar-se a la festa de Sant Joan prevista el 23 de Juny passat al barri del Vernet, acci\u00f3 que hauria significat la destrucci\u00f3\u00a0 del treball \/ realitzat pel teixit associatiu i les fam\u00edlies del barri.\u00a0<\/span><\/p><p><span style=\"font-weight: 400;\">Un altre atac s\u2019havia fet contra una festa de barri \/ designada per una mainada a vocaci\u00f3 comunitari \/ quan agents de l\u2019ajuntament intervenen per obligar a desplegar a les paradetes la bandera tricolor.<\/span><\/p><p><span style=\"font-weight: 400;\">Es podria citar altres exemples. Ara b\u00e9 \/ encara podem esperar a m\u00e9s o menys llarg termini un canvi de batlle a Perpiny\u00e0. Per contra \/ no cal comptar amb un canvi del model de poder de l\u2019estat franc\u00e8s \/ sigui amb la dreta o amb l\u2019esquerra. Per tant s\u00f3n i quedaran m\u00e9s greus les agressions a la nostra llengua i a la nostra identitat per part d\u2019aquest estat jacob\u00ed com vos ho explicar\u00e0 ara la Daniela Grau, l\u2019estimada s\u00f2cia de la nostra territorial, la dona que desplega a cada acte, a cada manifestaci\u00f3 la lona dels Pa\u00efsos Catalans.<\/span><\/p><p style=\"text-align: right;\"><em>Andreu Laurent<\/em><\/p><p><br \/><br \/><br \/><br \/><\/p>\t\t\t\t\t\t\t\t<\/div>\n\t\t\t\t<\/div>\n\t\t\t\t\t<\/div>\n\t\t\t\t<\/div>\n\t\t\t\t<\/div>\n\t\t","protected":false},"excerpt":{"rendered":"<p>Moltes gr\u00e0cies per fer-nos l\u2019honor d\u2019invitar-nos a nosaltres Catalans del Nord La Catalunya del Nord no est\u00e0 submisa a l\u2019Estat espanyol per\u00f2 \/ amb un batlle a la capital i les quatre diputats d\u2019extrema dreta i amb un estat franc\u00e8s m\u00e9s centralitzador que mai \/ patim molt pel que fa la llengua i la nostra &hellip;<\/p>\n<p class=\"read-more\"> <a class=\"\" href=\"https:\/\/catalunyanord.cat\/index.php\/2023\/09\/06\/la-situacio-de-lidentitat-catalana-a-catalunya-nord-per-landreu-laurent\/\"> <span class=\"screen-reader-text\">La situaci\u00f3 de l\u2019identitat catalana a Catalunya Nord per l&#8217;Andreu Laurent<\/span> Llegeix m\u00e9s &raquo;<\/a><\/p>\n","protected":false},"author":1,"featured_media":860,"comment_status":"open","ping_status":"open","sticky":false,"template":"","format":"standard","meta":{"pmpro_default_level":"","site-sidebar-layout":"default","site-content-layout":"default","ast-global-header-display":"","ast-main-header-display":"","ast-hfb-above-header-display":"","ast-hfb-below-header-display":"","ast-hfb-mobile-header-display":"","site-post-title":"","ast-breadcrumbs-content":"","ast-featured-img":"","footer-sml-layout":"","theme-transparent-header-meta":"","adv-header-id-meta":"","stick-header-meta":"","header-above-stick-meta":"","header-main-stick-meta":"","header-below-stick-meta":"","_jetpack_memberships_contains_paid_content":false,"footnotes":""},"categories":[33],"tags":[],"class_list":["post-855","post","type-post","status-publish","format-standard","has-post-thumbnail","hentry","category-xerrada-debat","pmpro-has-access"],"jetpack_featured_media_url":"https:\/\/catalunyanord.cat\/wp-content\/uploads\/2023\/09\/20230301-Entitats-Sobiranistes-3443-2-01141858-1024x683-1.jpg","jetpack_sharing_enabled":true,"_links":{"self":[{"href":"https:\/\/catalunyanord.cat\/index.php\/wp-json\/wp\/v2\/posts\/855","targetHints":{"allow":["GET"]}}],"collection":[{"href":"https:\/\/catalunyanord.cat\/index.php\/wp-json\/wp\/v2\/posts"}],"about":[{"href":"https:\/\/catalunyanord.cat\/index.php\/wp-json\/wp\/v2\/types\/post"}],"author":[{"embeddable":true,"href":"https:\/\/catalunyanord.cat\/index.php\/wp-json\/wp\/v2\/users\/1"}],"replies":[{"embeddable":true,"href":"https:\/\/catalunyanord.cat\/index.php\/wp-json\/wp\/v2\/comments?post=855"}],"version-history":[{"count":4,"href":"https:\/\/catalunyanord.cat\/index.php\/wp-json\/wp\/v2\/posts\/855\/revisions"}],"predecessor-version":[{"id":859,"href":"https:\/\/catalunyanord.cat\/index.php\/wp-json\/wp\/v2\/posts\/855\/revisions\/859"}],"wp:featuredmedia":[{"embeddable":true,"href":"https:\/\/catalunyanord.cat\/index.php\/wp-json\/wp\/v2\/media\/860"}],"wp:attachment":[{"href":"https:\/\/catalunyanord.cat\/index.php\/wp-json\/wp\/v2\/media?parent=855"}],"wp:term":[{"taxonomy":"category","embeddable":true,"href":"https:\/\/catalunyanord.cat\/index.php\/wp-json\/wp\/v2\/categories?post=855"},{"taxonomy":"post_tag","embeddable":true,"href":"https:\/\/catalunyanord.cat\/index.php\/wp-json\/wp\/v2\/tags?post=855"}],"curies":[{"name":"wp","href":"https:\/\/api.w.org\/{rel}","templated":true}]}}