{"id":862,"date":"2023-10-19T17:05:01","date_gmt":"2023-10-19T15:05:01","guid":{"rendered":"https:\/\/catalunyanord.cat\/?p=862"},"modified":"2023-10-19T17:18:23","modified_gmt":"2023-10-19T15:18:23","slug":"convocatoria","status":"publish","type":"post","link":"https:\/\/catalunyanord.cat\/index.php\/2023\/10\/19\/convocatoria\/","title":{"rendered":"Convocat\u00f2ria"},"content":{"rendered":"\t\t<div data-elementor-type=\"wp-post\" data-elementor-id=\"862\" class=\"elementor elementor-862\" data-elementor-post-type=\"post\">\n\t\t\t\t<div class=\"elementor-element elementor-element-34b3d38 e-flex e-con-boxed e-con e-parent\" data-id=\"34b3d38\" data-element_type=\"container\">\n\t\t\t\t\t<div class=\"e-con-inner\">\n\t\t\t\t<div class=\"elementor-element elementor-element-4cdf875 elementor-widget elementor-widget-heading\" data-id=\"4cdf875\" data-element_type=\"widget\" data-widget_type=\"heading.default\">\n\t\t\t\t<div class=\"elementor-widget-container\">\n\t\t\t\t\t<h2 class=\"elementor-heading-title elementor-size-default\">Sem Catalunya Nord, Fem Pa\u00efsos Catalans<\/h2>\t\t\t\t<\/div>\n\t\t\t\t<\/div>\n\t\t\t\t\t<\/div>\n\t\t\t\t<\/div>\n\t\t<div class=\"elementor-element elementor-element-e355dfa e-flex e-con-boxed e-con e-parent\" data-id=\"e355dfa\" data-element_type=\"container\">\n\t\t\t\t\t<div class=\"e-con-inner\">\n\t\t\t\t<div class=\"elementor-element elementor-element-b6b09a5 elementor-widget elementor-widget-text-editor\" data-id=\"b6b09a5\" data-element_type=\"widget\" data-widget_type=\"text-editor.default\">\n\t\t\t\t<div class=\"elementor-widget-container\">\n\t\t\t\t\t\t\t\t\t<p><span style=\"border: 0px solid black; color: #0f1419; display: inline; font-variant-numeric: inherit; font-variant-east-asian: inherit; font-variant-alternates: inherit; font-kerning: inherit; font-optical-sizing: inherit; font-feature-settings: inherit; font-variation-settings: inherit; font-variant-position: inherit; font-stretch: inherit; font-size: 17px; line-height: inherit; font-family: TwitterChirp, -apple-system, BlinkMacSystemFont, 'Segoe UI', Roboto, Helvetica, Arial, sans-serif; margin: 0px; padding: 0px; white-space-collapse: preserve; overflow-wrap: break-word; min-width: 0px;\">Enguany reivindiquem<\/span><span style=\"color: #0f1419; font-family: TwitterChirp, -apple-system, BlinkMacSystemFont, 'Segoe UI', Roboto, Helvetica, Arial, sans-serif; font-size: 17px; white-space-collapse: preserve; text-align: var(--text-align); letter-spacing: 0px;\"> la Diada de Catalunya Nord la <\/span><span style=\"color: #0f1419; font-family: TwitterChirp, -apple-system, BlinkMacSystemFont, 'Segoe UI', Roboto, Helvetica, Arial, sans-serif; font-size: 17px; white-space-collapse: preserve; font-style: inherit; font-weight: inherit; text-align: var(--text-align); letter-spacing: 0px;\">el dissabte 4 de novembre!<\/span><\/p><p><span style=\"border: 0px solid black; color: #0f1419; display: inline; font-variant-numeric: inherit; font-variant-east-asian: inherit; font-variant-alternates: inherit; font-kerning: inherit; font-optical-sizing: inherit; font-feature-settings: inherit; font-variation-settings: inherit; font-variant-position: inherit; font-stretch: inherit; font-size: 17px; line-height: inherit; font-family: TwitterChirp, -apple-system, BlinkMacSystemFont, 'Segoe UI', Roboto, Helvetica, Arial, sans-serif; margin: 0px; padding: 0px; white-space-collapse: preserve; overflow-wrap: break-word; min-width: 0px;\">Vos convoquem a la pla\u00e7a Catalunya de <\/span><span style=\"-webkit-box-direction: normal; -webkit-box-orient: horizontal; flex-direction: row; color: #0f1419; font-family: TwitterChirp, -apple-system, BlinkMacSystemFont, 'Segoe UI', Roboto, Helvetica, Arial, sans-serif; font-size: 17px; white-space-collapse: preserve;\"><a dir=\"ltr\" style=\"cursor: pointer; color: #1d9bf0; font: inherit; list-style: none; margin: 0px; text-align: inherit; border: 0px solid black; display: inline; padding: 0px; white-space: inherit; overflow-wrap: break-word; min-width: 0px;\" role=\"link\" href=\"https:\/\/twitter.com\/hashtag\/Perpiny%C3%A0?src=hashtag_click\">#Perpiny\u00e0<\/a><\/span><span style=\"border: 0px solid black; color: #0f1419; display: inline; font-variant-numeric: inherit; font-variant-east-asian: inherit; font-variant-alternates: inherit; font-kerning: inherit; font-optical-sizing: inherit; font-feature-settings: inherit; font-variation-settings: inherit; font-variant-position: inherit; font-stretch: inherit; font-size: 17px; line-height: inherit; font-family: TwitterChirp, -apple-system, BlinkMacSystemFont, 'Segoe UI', Roboto, Helvetica, Arial, sans-serif; margin: 0px; padding: 0px; white-space-collapse: preserve; overflow-wrap: break-word; min-width: 0px;\"> a les 16h per comen\u00e7ar la tradicional manifestaci\u00f3 pels carrers de la capital nord-catalana<\/span><img decoding=\"async\" style=\"display: inline-block; height: 1.2em; margin-left: 0.075em; margin-right: 0.075em; vertical-align: -20%; width: 1.2em; color: #0f1419; font-family: TwitterChirp, -apple-system, BlinkMacSystemFont, 'Segoe UI', Roboto, Helvetica, Arial, sans-serif; font-size: 17px; white-space-collapse: preserve;\" title=\"Puny al\u00e7at\" draggable=\"false\" src=\"https:\/\/abs-0.twimg.com\/emoji\/v2\/svg\/270a.svg\" alt=\"\u270a\" \/><span style=\"border: 0px solid black; color: #0f1419; display: inline; font-variant-numeric: inherit; font-variant-east-asian: inherit; font-variant-alternates: inherit; font-kerning: inherit; font-optical-sizing: inherit; font-feature-settings: inherit; font-variation-settings: inherit; font-variant-position: inherit; font-stretch: inherit; font-size: 17px; line-height: inherit; font-family: TwitterChirp, -apple-system, BlinkMacSystemFont, 'Segoe UI', Roboto, Helvetica, Arial, sans-serif; margin: 0px; padding: 0px; white-space-collapse: preserve; overflow-wrap: break-word; min-width: 0px;\"> Vos esperem nombrosos!! <\/span><span style=\"-webkit-box-direction: normal; -webkit-box-orient: horizontal; flex-direction: row; color: #0f1419; font-family: TwitterChirp, -apple-system, BlinkMacSystemFont, 'Segoe UI', Roboto, Helvetica, Arial, sans-serif; font-size: 17px; white-space-collapse: preserve;\"><a dir=\"ltr\" style=\"cursor: pointer; color: #1d9bf0; font: inherit; list-style: none; margin: 0px; text-align: inherit; border: 0px solid black; display: inline; padding: 0px; white-space: inherit; overflow-wrap: break-word; min-width: 0px;\" role=\"link\" href=\"https:\/\/twitter.com\/hashtag\/SemCatalunyaNord?src=hashtag_click\">#SemCatalunyaNord<\/a><\/span><\/p><div dir=\"auto\">Tal dia com avui fa 364 anys se sign\u00e0 el Tractat dels Pirineus i deix\u00e0 una part de Catalunya en mans del Regne de Fran\u00e7a. Les comarques del Rossell\u00f3, el Vallespir, el Conflent, el Capcir i una part de la Cerdanya sem, encara ara, administrativament francesos.<\/div><div dir=\"auto\">I contra aqueix Tractat, que fa molts anys que volem esborrar, nos vam manifestar aqueix dissabte 4 de novembre pels carrers de Perpiny\u00e0!<\/div>\t\t\t\t\t\t\t\t<\/div>\n\t\t\t\t<\/div>\n\t\t\t\t\t<\/div>\n\t\t\t\t<\/div>\n\t\t<div class=\"elementor-element elementor-element-4777dd3 e-flex e-con-boxed e-con e-parent\" data-id=\"4777dd3\" data-element_type=\"container\">\n\t\t\t\t\t<div class=\"e-con-inner\">\n\t\t\t\t<div class=\"elementor-element elementor-element-69ef6a8 elementor-widget elementor-widget-image\" data-id=\"69ef6a8\" data-element_type=\"widget\" data-widget_type=\"image.default\">\n\t\t\t\t<div class=\"elementor-widget-container\">\n\t\t\t\t\t\t\t\t\t\t\t\t\t\t\t<img fetchpriority=\"high\" decoding=\"async\" width=\"728\" height=\"1024\" src=\"https:\/\/catalunyanord.cat\/wp-content\/uploads\/2023\/10\/cartell-concerts-2023-728x1024.jpeg\" class=\"attachment-large size-large wp-image-864\" alt=\"\" srcset=\"https:\/\/catalunyanord.cat\/wp-content\/uploads\/2023\/10\/cartell-concerts-2023-728x1024.jpeg 728w, https:\/\/catalunyanord.cat\/wp-content\/uploads\/2023\/10\/cartell-concerts-2023-213x300.jpeg 213w, https:\/\/catalunyanord.cat\/wp-content\/uploads\/2023\/10\/cartell-concerts-2023-768x1081.jpeg 768w, https:\/\/catalunyanord.cat\/wp-content\/uploads\/2023\/10\/cartell-concerts-2023-1092x1536.jpeg 1092w, https:\/\/catalunyanord.cat\/wp-content\/uploads\/2023\/10\/cartell-concerts-2023-600x844.jpeg 600w, https:\/\/catalunyanord.cat\/wp-content\/uploads\/2023\/10\/cartell-concerts-2023.jpeg 1137w\" sizes=\"(max-width: 728px) 100vw, 728px\" \/>\t\t\t\t\t\t\t\t\t\t\t\t\t\t\t<\/div>\n\t\t\t\t<\/div>\n\t\t\t\t\t<\/div>\n\t\t\t\t<\/div>\n\t\t<div class=\"elementor-element elementor-element-464aad0 e-flex e-con-boxed e-con e-parent\" data-id=\"464aad0\" data-element_type=\"container\">\n\t\t\t\t\t<div class=\"e-con-inner\">\n\t\t\t\t<div class=\"elementor-element elementor-element-b80b5c9 elementor-widget elementor-widget-text-editor\" data-id=\"b80b5c9\" data-element_type=\"widget\" data-widget_type=\"text-editor.default\">\n\t\t\t\t<div class=\"elementor-widget-container\">\n\t\t\t\t\t\t\t\t\t<p><span class=\"css-901oao css-16my406 r-poiln3 r-bcqeeo r-qvutc0\">I tot seguit el Concert del Correllengua 2023 que tanca la Diada! Enguany tornem a la&nbsp;<\/span><a class=\"css-4rbku5 css-18t94o4 css-901oao css-16my406 r-1cvl2hr r-1loqt21 r-poiln3 r-bcqeeo r-qvutc0\" dir=\"ltr\" role=\"link\" href=\"https:\/\/twitter.com\/CasaMusicale\" style=\"text-align: var(--text-align); font-size: 0.875rem; background-color: rgb(255, 255, 255);\">@CasaMusicale<\/a>&nbsp;<span class=\"css-901oao css-16my406 r-poiln3 r-bcqeeo r-qvutc0\" style=\"font-style: inherit; font-weight: inherit; text-align: var(--text-align); letter-spacing: 0px;\">amb C\u00e0ntut, els grups locals Something Special i Sabor del Puig i les dj&#8217;s Musicals Sisters! L&#8217;entrada s\u00f3n 5\u20ac i hi haur\u00e0 servei de menjar. No vos ho perdeu!! <\/span><span class=\"r-18u37iz\" style=\"font-style: inherit; font-weight: inherit; text-align: var(--text-align); letter-spacing: 0px;\"><a class=\"css-4rbku5 css-18t94o4 css-901oao css-16my406 r-1cvl2hr r-1loqt21 r-poiln3 r-bcqeeo r-qvutc0\" dir=\"ltr\" role=\"link\" href=\"https:\/\/twitter.com\/hashtag\/SemCatalunyaNord?src=hashtag_click\">#SemCatalunyaNord<\/a><\/span><\/p>\t\t\t\t\t\t\t\t<\/div>\n\t\t\t\t<\/div>\n\t\t\t\t\t<\/div>\n\t\t\t\t<\/div>\n\t\t\t\t<\/div>\n\t\t","protected":false},"excerpt":{"rendered":"<p>Sem Catalunya Nord, Fem Pa\u00efsos Catalans Enguany reivindiquem la Diada de Catalunya Nord la el dissabte 4 de novembre! Vos convoquem a la pla\u00e7a Catalunya de #Perpiny\u00e0 a les 16h per comen\u00e7ar la tradicional manifestaci\u00f3 pels carrers de la capital nord-catalana Vos esperem nombrosos!! #SemCatalunyaNord Tal dia com avui fa 364 anys se sign\u00e0 el &hellip;<\/p>\n<p class=\"read-more\"> <a class=\"\" href=\"https:\/\/catalunyanord.cat\/index.php\/2023\/10\/19\/convocatoria\/\"> <span class=\"screen-reader-text\">Convocat\u00f2ria<\/span> Llegeix m\u00e9s &raquo;<\/a><\/p>\n","protected":false},"author":1,"featured_media":863,"comment_status":"open","ping_status":"open","sticky":false,"template":"","format":"standard","meta":{"pmpro_default_level":"","site-sidebar-layout":"default","site-content-layout":"default","ast-global-header-display":"","ast-main-header-display":"","ast-hfb-above-header-display":"","ast-hfb-below-header-display":"","ast-hfb-mobile-header-display":"","site-post-title":"","ast-breadcrumbs-content":"","ast-featured-img":"","footer-sml-layout":"","theme-transparent-header-meta":"","adv-header-id-meta":"","stick-header-meta":"","header-above-stick-meta":"","header-main-stick-meta":"","header-below-stick-meta":"","_jetpack_memberships_contains_paid_content":false,"footnotes":""},"categories":[28,30],"tags":[],"class_list":["post-862","post","type-post","status-publish","format-standard","has-post-thumbnail","hentry","category-7n","category-manifestacions","pmpro-has-access"],"jetpack_featured_media_url":"https:\/\/catalunyanord.cat\/wp-content\/uploads\/2023\/10\/cartell-mani-2023.jpeg","jetpack_sharing_enabled":true,"_links":{"self":[{"href":"https:\/\/catalunyanord.cat\/index.php\/wp-json\/wp\/v2\/posts\/862","targetHints":{"allow":["GET"]}}],"collection":[{"href":"https:\/\/catalunyanord.cat\/index.php\/wp-json\/wp\/v2\/posts"}],"about":[{"href":"https:\/\/catalunyanord.cat\/index.php\/wp-json\/wp\/v2\/types\/post"}],"author":[{"embeddable":true,"href":"https:\/\/catalunyanord.cat\/index.php\/wp-json\/wp\/v2\/users\/1"}],"replies":[{"embeddable":true,"href":"https:\/\/catalunyanord.cat\/index.php\/wp-json\/wp\/v2\/comments?post=862"}],"version-history":[{"count":7,"href":"https:\/\/catalunyanord.cat\/index.php\/wp-json\/wp\/v2\/posts\/862\/revisions"}],"predecessor-version":[{"id":873,"href":"https:\/\/catalunyanord.cat\/index.php\/wp-json\/wp\/v2\/posts\/862\/revisions\/873"}],"wp:featuredmedia":[{"embeddable":true,"href":"https:\/\/catalunyanord.cat\/index.php\/wp-json\/wp\/v2\/media\/863"}],"wp:attachment":[{"href":"https:\/\/catalunyanord.cat\/index.php\/wp-json\/wp\/v2\/media?parent=862"}],"wp:term":[{"taxonomy":"category","embeddable":true,"href":"https:\/\/catalunyanord.cat\/index.php\/wp-json\/wp\/v2\/categories?post=862"},{"taxonomy":"post_tag","embeddable":true,"href":"https:\/\/catalunyanord.cat\/index.php\/wp-json\/wp\/v2\/tags?post=862"}],"curies":[{"name":"wp","href":"https:\/\/api.w.org\/{rel}","templated":true}]}}