{"id":965,"date":"2024-02-06T14:10:11","date_gmt":"2024-02-06T13:10:11","guid":{"rendered":"https:\/\/catalunyanord.cat\/?p=965"},"modified":"2024-03-10T21:10:29","modified_gmt":"2024-03-10T20:10:29","slug":"ollada-republicana","status":"publish","type":"post","link":"https:\/\/catalunyanord.cat\/index.php\/2024\/02\/06\/ollada-republicana\/","title":{"rendered":"Ollada Republicana"},"content":{"rendered":"\t\t<div data-elementor-type=\"wp-post\" data-elementor-id=\"965\" class=\"elementor elementor-965\" data-elementor-post-type=\"post\">\n\t\t\t\t<div class=\"elementor-element elementor-element-387f175 e-flex e-con-boxed e-con e-parent\" data-id=\"387f175\" data-element_type=\"container\">\n\t\t\t\t\t<div class=\"e-con-inner\">\n\t\t\t\t\t<\/div>\n\t\t\t\t<\/div>\n\t\t<div class=\"elementor-element elementor-element-bbf93a7 e-flex e-con-boxed e-con e-parent\" data-id=\"bbf93a7\" data-element_type=\"container\">\n\t\t\t\t\t<div class=\"e-con-inner\">\n\t\t\t\t<div class=\"elementor-element elementor-element-585d3d3 elementor-widget elementor-widget-text-editor\" data-id=\"585d3d3\" data-element_type=\"widget\" data-widget_type=\"text-editor.default\">\n\t\t\t\t<div class=\"elementor-widget-container\">\n\t\t\t\t\t\t\t\t\t<p>Tens fins el 3 de mar\u00e7 per a reservar la teua <strong>Ollada Republicana.<\/strong> Enguany tindr\u00e0 lloc<\/p><h5 style=\"text-align: center;\">a Tarerac (Conflent), el diumenge 10 de mar\u00e7 a migdia.<\/h5><p>L&#8217;ollada anir\u00e0 precedida d&#8217;un debat sobre l&#8217;empoderament amb Dolors Feliu, presidenta de l&#8217;Assemblea i un altre sobre el nom del notre territori.<br \/>Fins ara les institucions franceses en diuen &#8220;Pyr\u00e9n\u00e9es Orientales&#8221;.\u00a0<br \/>per\u00f2 com aquest nom ens defineix?\u00a0<br \/>Volem un nom que ens identitfica hist\u00f2ricament o un nom per a atreure m\u00e9s turistes?<\/p><p>Hi participar\u00e0 Nicolas Garcia vicepresident del Consell Departament, organitzador de la consulta que tindr\u00e0 lloc a la tardor i m\u00e9s actors del territori.<\/p><p>Vine i parlem-ne!<\/p>\t\t\t\t\t\t\t\t<\/div>\n\t\t\t\t<\/div>\n\t\t<div class=\"elementor-element elementor-element-2da7110 e-flex e-con-boxed e-con e-child\" data-id=\"2da7110\" data-element_type=\"container\">\n\t\t\t\t\t<div class=\"e-con-inner\">\n\t\t\t\t\t<\/div>\n\t\t\t\t<\/div>\n\t\t\t\t\t<\/div>\n\t\t\t\t<\/div>\n\t\t<div class=\"elementor-element elementor-element-996f1ed e-flex e-con-boxed e-con e-parent\" data-id=\"996f1ed\" data-element_type=\"container\">\n\t\t\t\t\t<div class=\"e-con-inner\">\n\t\t\t\t\t<\/div>\n\t\t\t\t<\/div>\n\t\t\t\t<\/div>\n\t\t","protected":false},"excerpt":{"rendered":"<p>Tens fins el 3 de mar\u00e7 per a reservar la teua Ollada Republicana. Enguany tindr\u00e0 lloc a Tarerac (Conflent), el diumenge 10 de mar\u00e7 a migdia. L&#8217;ollada anir\u00e0 precedida d&#8217;un debat sobre l&#8217;empoderament amb Dolors Feliu, presidenta de l&#8217;Assemblea i un altre sobre el nom del notre territori.Fins ara les institucions franceses en diuen &#8220;Pyr\u00e9n\u00e9es &hellip;<\/p>\n<p class=\"read-more\"> <a class=\"\" href=\"https:\/\/catalunyanord.cat\/index.php\/2024\/02\/06\/ollada-republicana\/\"> <span class=\"screen-reader-text\">Ollada Republicana<\/span> Llegeix m\u00e9s &raquo;<\/a><\/p>\n","protected":false},"author":1,"featured_media":995,"comment_status":"open","ping_status":"open","sticky":false,"template":"","format":"standard","meta":{"pmpro_default_level":"","site-sidebar-layout":"default","site-content-layout":"default","ast-global-header-display":"","ast-main-header-display":"","ast-hfb-above-header-display":"","ast-hfb-below-header-display":"","ast-hfb-mobile-header-display":"","site-post-title":"","ast-breadcrumbs-content":"","ast-featured-img":"","footer-sml-layout":"","theme-transparent-header-meta":"","adv-header-id-meta":"","stick-header-meta":"","header-above-stick-meta":"","header-main-stick-meta":"","header-below-stick-meta":"","_jetpack_memberships_contains_paid_content":false,"footnotes":""},"categories":[32,33],"tags":[],"class_list":["post-965","post","type-post","status-publish","format-standard","has-post-thumbnail","hentry","category-ollada","category-xerrada-debat","pmpro-has-access"],"jetpack_featured_media_url":"https:\/\/catalunyanord.cat\/wp-content\/uploads\/2024\/02\/Xerradadebat-Qui-sem.jpg","jetpack_sharing_enabled":true,"_links":{"self":[{"href":"https:\/\/catalunyanord.cat\/index.php\/wp-json\/wp\/v2\/posts\/965","targetHints":{"allow":["GET"]}}],"collection":[{"href":"https:\/\/catalunyanord.cat\/index.php\/wp-json\/wp\/v2\/posts"}],"about":[{"href":"https:\/\/catalunyanord.cat\/index.php\/wp-json\/wp\/v2\/types\/post"}],"author":[{"embeddable":true,"href":"https:\/\/catalunyanord.cat\/index.php\/wp-json\/wp\/v2\/users\/1"}],"replies":[{"embeddable":true,"href":"https:\/\/catalunyanord.cat\/index.php\/wp-json\/wp\/v2\/comments?post=965"}],"version-history":[{"count":19,"href":"https:\/\/catalunyanord.cat\/index.php\/wp-json\/wp\/v2\/posts\/965\/revisions"}],"predecessor-version":[{"id":1020,"href":"https:\/\/catalunyanord.cat\/index.php\/wp-json\/wp\/v2\/posts\/965\/revisions\/1020"}],"wp:featuredmedia":[{"embeddable":true,"href":"https:\/\/catalunyanord.cat\/index.php\/wp-json\/wp\/v2\/media\/995"}],"wp:attachment":[{"href":"https:\/\/catalunyanord.cat\/index.php\/wp-json\/wp\/v2\/media?parent=965"}],"wp:term":[{"taxonomy":"category","embeddable":true,"href":"https:\/\/catalunyanord.cat\/index.php\/wp-json\/wp\/v2\/categories?post=965"},{"taxonomy":"post_tag","embeddable":true,"href":"https:\/\/catalunyanord.cat\/index.php\/wp-json\/wp\/v2\/tags?post=965"}],"curies":[{"name":"wp","href":"https:\/\/api.w.org\/{rel}","templated":true}]}}